{"id":97437,"date":"2019-07-20T13:06:48","date_gmt":"2019-07-20T11:06:48","guid":{"rendered":"https:\/\/zjarr.tv\/?p=97437"},"modified":"2019-07-20T13:06:48","modified_gmt":"2019-07-20T11:06:48","slug":"pas-haradinajt-thirret-ne-hage-edhe-jakup-krasniqi","status":"publish","type":"post","link":"https:\/\/zjarr.tv\/sq\/pas-haradinajt-thirret-ne-hage-edhe-jakup-krasniqi\/","title":{"rendered":"Pas Haradinajt thirret n\u00eb Hag\u00eb edhe Jakup Krasniqi!"},"content":{"rendered":"<p>Pas Ramush Haradinajt dhe k\u00ebshilltarit t\u00eb presidentit, Hashim Tha\u00e7i, ish-shefin e Shtabit t\u00eb U\u00c7K-s\u00eb, Bislim Zyrapi,\u00a0 gjykata speciale n\u00eb Hag\u00eb duket se ka l\u00ebshuar edhe flet\u00ebthirrje t\u00eb tjera.<\/p>\n<p>K\u00ebshtu sot m\u00ebsohet, se edhe ish-kryetari i Kuvendit t\u00eb Kosov\u00ebs dhe ish-an\u00ebtar dhe z\u00ebdh\u00ebn\u00ebs i Shtabit t\u00eb P\u00ebrgjithsh\u00ebm t\u00eb U\u00c7K-s\u00eb, Jakup Krasniqi, ka marr\u00eb ftes\u00eb p\u00ebr t\u2019u pyetur nga Dhomat e Specializuara t\u00eb Gjykat\u00ebs Speciale n\u00eb Kosov\u00eb.<\/p>\n<p>Lajmin e ka b\u00ebr\u00eb t\u00eb ditur vet\u00eb Krasniqi p\u00ebrmes nj\u00eb postimi n\u00eb Facebook, ku ka konfirmuar se \u00ebsht\u00eb ftuar q\u00eb m\u00eb 24 korrik t\u00eb paraqitet p\u00ebr t\u2019u pyetur nga Dhomat e Specializuara t\u00eb Gjykat\u00ebs Speciale n\u00eb Hag\u00eb m\u00eb 24 korrik 2019.<\/p>\n<p>\u201c\u00cbsht\u00eb fatkeq\u00ebsi dhe ironi e llojit t\u00eb vet, q\u00eb n\u00eb vend se Serbia t\u00eb p\u00ebrballet me drejt\u00ebsin\u00eb p\u00ebr krimet kund\u00ebr njer\u00ebzimit dhe gjenocidit, ne duhet t\u00eb mbrohemi nga akuzat e saj t\u00eb trilluara, n\u00eb vend q\u00eb t\u00eb gjykohen argumentet dhe provat e pamohueshme dhe t\u00eb njohura bot\u00ebrisht, drejt\u00ebsia merret me trille dhe shpifje t\u00eb ul\u00ebta t\u00eb politik\u00ebs serbe dhe t\u00eb sh\u00ebrbimeve t\u00eb saj sekrete\u201d, ka shkruar mes t\u00eb tjerave Kraniqi. Krasniqi.<\/p>\n<p>Postimi i plot\u00eb i Jakup Krasniqit:<\/p>\n<p>\u201cDEKLARAT\u00cb<\/p>\n<p>Prishtin\u00eb, m\u00eb 20 korrik 2019<\/p>\n<p>T\u00eb nderuar bashk\u00ebkomb\u00ebs<\/p>\n<p>Ndihem i obliguar moralisht t\u2019ju njoftoj se kam marr ftes\u00eb nga Dhomat e Specializuara t\u00eb Gjykat\u00ebs Speciale n\u00eb Hag\u00eb t\u00eb paraqitem m\u00eb 24 korrik 2019.<\/p>\n<p>Pavar\u00ebsisht bindjeve t\u00eb mia q\u00eb Gjykata Speciale e ngritur mbi baz\u00ebn e raportit t\u00eb Dick Martit, miratuar nga K\u00ebshilli i Evrop\u00ebs, i cili fund e krye \u00ebsht\u00eb sajuar n\u00eb Beograd me shpifje e g\u00ebnjeshtra dhe me motiv e q\u00ebllim t\u00eb komprometimit dhe inkriminimit t\u00eb luft\u00ebs s\u00eb drejt\u00eb e t\u00eb past\u00ebr t\u00eb Ushtris\u00eb \u00c7lirimtare t\u00eb Kosov\u00ebs, p\u00ebrkund\u00ebr q\u00ebndrimit tim t\u00eb hapur kritik e kund\u00ebrshtues p\u00ebr krijimin me presion t\u00eb k\u00ebsaj gjykate, un\u00eb do t\u00eb prezantohem n\u00eb hetuesin\u00eb e saj n\u00eb dat\u00ebn e caktuar n\u00eb cil\u00ebndo cil\u00ebsi. Me besim n\u00eb drejt\u00ebsin\u00eb, i bindur se e v\u00ebrteta \u00ebsht\u00eb q\u00eb gjat\u00eb luft\u00ebs n\u00eb Kosov\u00eb, Serbia ka kryer gjenocid, kurse konstruktet e saj monstruoze p\u00ebr U\u00c7K-n\u00eb do t\u00eb bien posht\u00eb, un\u00eb do t\u00eb jem atje p\u00ebr t\u00eb dh\u00ebn\u00eb kontributin tim p\u00ebr ndri\u00e7imin e s\u00eb v\u00ebrtet\u00ebs historike.<\/p>\n<p>Megjithat\u00eb \u00ebsht\u00eb fatkeq\u00ebsi dhe ironi e llojit t\u00eb vet, q\u00eb n\u00eb vend se Serbia t\u00eb p\u00ebrballet me drejt\u00ebsin\u00eb p\u00ebr krimet kund\u00ebr njer\u00ebzimit dhe gjenocidit, ne duhet t\u00eb mbrohemi nga akuzat e saj t\u00eb trilluara, n\u00eb vend q\u00eb t\u00eb gjykohen argumentet dhe provat e pamohueshme dhe t\u00eb njohura bot\u00ebrisht, drejt\u00ebsia merret me trille dhe shpifje t\u00eb ul\u00ebta t\u00eb politik\u00ebs serbe dhe t\u00eb sh\u00ebrbimeve t\u00eb saj sekrete.<\/p>\n<p>P\u00ebrkund\u00ebr bindjeve t\u00eb mia sa i p\u00ebrket k\u00ebsaj gjykate politike, t\u00eb krijuar me presion politik nga njer\u00ebzit q\u00eb bartin funksione t\u00eb larta shtet\u00ebrore n\u00eb Kosov\u00eb dhe themelimin e saj me vot\u00ebn e atyre deputet\u00ebve q\u00eb ishin numra n\u00eb Kuvendin e Kosov\u00ebs, un\u00eb do t\u00eb prezantohem n\u00eb hetuesin\u00eb e Gjykat\u00ebs Speciale.<\/p>\n<p>Nuk do t\u00eb jet\u00eb hera e par\u00eb q\u00eb dal para hetuesve p\u00ebr t\u00eb dh\u00ebn\u00eb p\u00ebrgjigje p\u00ebr \u00e7\u00ebshtje t\u00eb sajuara nga pushteti i Serbis\u00eb. Ia kam dal\u00eb n\u00eb proceset e hetuesis\u00eb jugosllave t\u00eb viteve tet\u00ebdhjet\u00eb, si\u00e7 ia kam dal\u00eb me p\u00ebrgjegj\u00ebsi edhe kur jam ftuar nga Gjykata Penale Nd\u00ebrkomb\u00ebtare p\u00ebr ish-Jugosllavi, p\u00ebr rastet e kurdisura n\u00eb baz\u00eb t\u00eb dosjeve t\u00eb dor\u00ebzuara nga Serbia kund\u00ebr Fatmir Limajt, Ramush Haradinajt dhe bashk\u00ebluft\u00ebtar\u00ebve t\u00eb tyre.<\/p>\n<p>N\u00eb t\u00eb dy rastet kam dh\u00ebn\u00eb deklarata n\u00eb cil\u00ebsin\u00eb e z\u00ebdh\u00ebn\u00ebsit t\u00eb U\u00c7K-s\u00eb, p\u00ebrfaq\u00ebsuesit t\u00eb saj politik dhe an\u00ebtarit t\u00eb Shtabit t\u00eb P\u00ebrgjithsh\u00ebm t\u00eb U\u00c7K-s\u00eb gjat\u00eb luft\u00ebs s\u00eb viteve 1998-1999. Deklaratat e mia n\u00eb Gjykat\u00ebn Penale Nd\u00ebrkomb\u00ebtare p\u00ebr ish-Jugosllavi jan\u00eb publike, si\u00e7 \u00ebsht\u00eb publik edhe verdikti i k\u00ebsaj gjykate kur i hodhi si t\u00eb pabaza t\u00eb gjitha akuzat kund\u00ebr Fatmir Limajt dhe Ramush Haradinajt, duke shpallur pafaj\u00ebsin\u00eb e tyre.<\/p>\n<p>As k\u00ebsaj radhe nuk mund t\u00eb jet\u00eb ndryshe.<\/p>\n<p>&nbsp;<\/p>\n","protected":false},"excerpt":{"rendered":"<p>Pas Ramush Haradinajt dhe k\u00ebshilltarit t\u00eb presidentit, Hashim Tha\u00e7i, ish-shefin e Shtabit t\u00eb U\u00c7K-s\u00eb, Bislim Zyrapi,\u00a0 gjykata speciale n\u00eb Hag\u00eb duket se ka l\u00ebshuar edhe flet\u00ebthirrje t\u00eb tjera. K\u00ebshtu sot m\u00ebsohet, se edhe ish-kryetari i Kuvendit t\u00eb Kosov\u00ebs dhe ish-an\u00ebtar dhe z\u00ebdh\u00ebn\u00ebs i Shtabit t\u00eb P\u00ebrgjithsh\u00ebm t\u00eb U\u00c7K-s\u00eb, Jakup Krasniqi, ka marr\u00eb ftes\u00eb p\u00ebr t\u2019u [&hellip;]<\/p>\n","protected":false},"author":2013,"featured_media":97438,"comment_status":"open","ping_status":"closed","sticky":false,"template":"","format":"standard","meta":{"footnotes":""},"categories":[241,2],"tags":[],"class_list":{"0":"post-97437","1":"post","2":"type-post","3":"status-publish","4":"format-standard","5":"has-post-thumbnail","7":"category-aktualitet","8":"category-rajoni"},"_links":{"self":[{"href":"https:\/\/zjarr.tv\/sq\/wp-json\/wp\/v2\/posts\/97437","targetHints":{"allow":["GET"]}}],"collection":[{"href":"https:\/\/zjarr.tv\/sq\/wp-json\/wp\/v2\/posts"}],"about":[{"href":"https:\/\/zjarr.tv\/sq\/wp-json\/wp\/v2\/types\/post"}],"author":[{"embeddable":true,"href":"https:\/\/zjarr.tv\/sq\/wp-json\/wp\/v2\/users\/2013"}],"replies":[{"embeddable":true,"href":"https:\/\/zjarr.tv\/sq\/wp-json\/wp\/v2\/comments?post=97437"}],"version-history":[{"count":0,"href":"https:\/\/zjarr.tv\/sq\/wp-json\/wp\/v2\/posts\/97437\/revisions"}],"wp:featuredmedia":[{"embeddable":true,"href":"https:\/\/zjarr.tv\/sq\/wp-json\/wp\/v2\/media\/97438"}],"wp:attachment":[{"href":"https:\/\/zjarr.tv\/sq\/wp-json\/wp\/v2\/media?parent=97437"}],"wp:term":[{"taxonomy":"category","embeddable":true,"href":"https:\/\/zjarr.tv\/sq\/wp-json\/wp\/v2\/categories?post=97437"},{"taxonomy":"post_tag","embeddable":true,"href":"https:\/\/zjarr.tv\/sq\/wp-json\/wp\/v2\/tags?post=97437"}],"curies":[{"name":"wp","href":"https:\/\/api.w.org\/{rel}","templated":true}]}}