{"id":97446,"date":"2019-07-20T13:11:30","date_gmt":"2019-07-20T11:11:30","guid":{"rendered":"https:\/\/zjarr.tv\/?p=97446"},"modified":"2019-07-20T13:11:30","modified_gmt":"2019-07-20T11:11:30","slug":"albin-kurti-haradinajn-e-paralajmeruam-sa-me-afer-gjarprit-aq-me-i-rrezikuar-je","status":"publish","type":"post","link":"https:\/\/zjarr.tv\/sq\/albin-kurti-haradinajn-e-paralajmeruam-sa-me-afer-gjarprit-aq-me-i-rrezikuar-je\/","title":{"rendered":"Albin Kurti: Haradinajn e paralajm\u00ebruam, sa m\u00eb af\u00ebr \u2018gjarprit\u2019 aq m\u00eb i rrezikuar je"},"content":{"rendered":"<p>Lideri i Vet\u00ebvendosjes, Albin Kurti, n\u00eb nj\u00eb konferenc\u00eb t\u00eb thirrur p\u00ebr media, po flet p\u00ebr Gjykat\u00ebn Speciale, arsyet pse Qeveria Haradinaj \u00ebsht\u00eb dashur t\u00eb bie\u2026 E n\u00eb fillim t\u00eb saj theksoi se Haradinajn e kan\u00eb paralajm\u00ebruar se \u2018sa m\u00eb af\u00ebr gjarprit aq m\u00eb i rrezikuar je\u2019.<\/p>\n<p>Albin Kurti kur flet p\u00ebr gjarp\u00ebrin i drejtohet presidentit Hashim Tha\u00e7i, p\u00ebr shkak t\u00eb nofk\u00ebs q\u00eb presidenti\u00a0 e kishte n\u00eb luft\u00eb.<\/p>\n<p>\u2018Ish-kryeministrin e kemi paralajm\u00ebruar disa her\u00eb sa m\u00eb af\u00ebr gjarprit aq m\u00eb i rrezikuar je\u2019, tha Kurti n\u00eb konferenc\u00eb.<\/p>\n<p>Rexhep Selimi e ka paralajm\u00ebruar n\u00eb Kuvend, shtoi ai.<\/p>\n<p>\u2018Sot ne i vuajm\u00eb pasojat e q\u00ebndrimeve t\u00eb liga dhe vendimeve t\u00eb gabuara vite me par\u00eb kur politikan\u00ebt q\u00eb desh\u00ebn m\u00eb shum\u00eb vet\u00ebveten sesa shtetin Kosov\u00ebs ia b\u00ebn\u00eb t\u00eb keqen\u2019, tha ai p\u00ebr themelimin e Gjykat\u00ebs Speciale.<\/p>\n<p>Shpresa \u00ebsht\u00eb te Vet\u00ebvendosja dhe zgjedhjet e reja, tha Kurti.<\/p>\n<p>\u2018Nuk e kemi m\u00eb nj\u00eb qeveri q\u00eb ishte e mbrapsht\u00eb dhe e pashpres\u00eb\u00a0 tash shpresa \u00ebsht\u00eb te ndryshimi, t\u00eb zgjedhjet, t\u00eb liria te demokracia te VV-ja\u2019, tha Kurti. Konferenca \u00ebsht\u00eb duke vazhduar\u2026 Haradinaj dha dor\u00ebheqje pasi tha se i erdhi ftesa nga Gjykata Speciale, e cila \u00ebsht\u00eb krijuar p\u00ebr t\u2019i ndjekur ish-udh\u00ebheq\u00ebsit e U\u00c7K\u2019s\u00eb t\u00eb dyshuar se kan\u00eb kryer krime lufte.<\/p>\n<p>Koh\u00ebve t\u00eb fundit, lideri i AAK-s\u00eb prishi raportet me Liderin e PDK-s\u00eb, Kadri Veselin, i cili nga \u00cbashingtoni tha se Kryeministri i Kosov\u00ebs po flet me Amerik\u00ebn sikur me Serbin\u00eb. Haradinaj tha se nj\u00eb deklarat\u00eb e till\u00eb \u00ebsht\u00eb serviliz\u00ebm politik.<\/p>\n<p>Udh\u00ebheq\u00ebsi i partis\u00eb s\u00eb pest\u00eb n\u00eb Kosov\u00eb mbeti i vet\u00ebm n\u00eb luft\u00ebn p\u00ebr t\u00eb mbrojtur taks\u00ebn e vendosur kund\u00ebr Serbis\u00eb. Nd\u00ebrsa, ishte kund\u00ebr prekjes s\u00eb kufijve, nj\u00eb tem\u00eb kjo e p\u00ebrkrahur nga Hashim Tha\u00e7i.<\/p>\n<p>Haradinaj ka k\u00ebrkuar t\u00eb shkohet n\u00eb zgjedhje t\u00eb jasht\u00ebzakonshme dhe t\u2019i kthehet vendimmarrja popullit. PDK ka mbetur e hutuar nga ky vendim. LDK e Vet\u00ebvendosje kan\u00eb k\u00ebrkuar zgjedhje t\u00eb jasht\u00ebzakonshme sikurse edhe PSD e NISMA e Fatmir Limajt.<\/p>\n<p>&nbsp;<\/p>\n","protected":false},"excerpt":{"rendered":"<p>Lideri i Vet\u00ebvendosjes, Albin Kurti, n\u00eb nj\u00eb konferenc\u00eb t\u00eb thirrur p\u00ebr media, po flet p\u00ebr Gjykat\u00ebn Speciale, arsyet pse Qeveria Haradinaj \u00ebsht\u00eb dashur t\u00eb bie\u2026 E n\u00eb fillim t\u00eb saj theksoi se Haradinajn e kan\u00eb paralajm\u00ebruar se \u2018sa m\u00eb af\u00ebr gjarprit aq m\u00eb i rrezikuar je\u2019. Albin Kurti kur flet p\u00ebr gjarp\u00ebrin i drejtohet presidentit [&hellip;]<\/p>\n","protected":false},"author":2013,"featured_media":97447,"comment_status":"open","ping_status":"closed","sticky":false,"template":"","format":"standard","meta":{"footnotes":""},"categories":[241,2],"tags":[],"class_list":{"0":"post-97446","1":"post","2":"type-post","3":"status-publish","4":"format-standard","5":"has-post-thumbnail","7":"category-aktualitet","8":"category-rajoni"},"_links":{"self":[{"href":"https:\/\/zjarr.tv\/sq\/wp-json\/wp\/v2\/posts\/97446","targetHints":{"allow":["GET"]}}],"collection":[{"href":"https:\/\/zjarr.tv\/sq\/wp-json\/wp\/v2\/posts"}],"about":[{"href":"https:\/\/zjarr.tv\/sq\/wp-json\/wp\/v2\/types\/post"}],"author":[{"embeddable":true,"href":"https:\/\/zjarr.tv\/sq\/wp-json\/wp\/v2\/users\/2013"}],"replies":[{"embeddable":true,"href":"https:\/\/zjarr.tv\/sq\/wp-json\/wp\/v2\/comments?post=97446"}],"version-history":[{"count":0,"href":"https:\/\/zjarr.tv\/sq\/wp-json\/wp\/v2\/posts\/97446\/revisions"}],"wp:featuredmedia":[{"embeddable":true,"href":"https:\/\/zjarr.tv\/sq\/wp-json\/wp\/v2\/media\/97447"}],"wp:attachment":[{"href":"https:\/\/zjarr.tv\/sq\/wp-json\/wp\/v2\/media?parent=97446"}],"wp:term":[{"taxonomy":"category","embeddable":true,"href":"https:\/\/zjarr.tv\/sq\/wp-json\/wp\/v2\/categories?post=97446"},{"taxonomy":"post_tag","embeddable":true,"href":"https:\/\/zjarr.tv\/sq\/wp-json\/wp\/v2\/tags?post=97446"}],"curies":[{"name":"wp","href":"https:\/\/api.w.org\/{rel}","templated":true}]}}