{"id":97452,"date":"2019-07-20T13:14:38","date_gmt":"2019-07-20T11:14:38","guid":{"rendered":"https:\/\/zjarr.tv\/?p=97452"},"modified":"2019-07-20T13:14:38","modified_gmt":"2019-07-20T11:14:38","slug":"tani-policia-ta-sjell-gjoben-me-poste-ne-shtepi","status":"publish","type":"post","link":"https:\/\/zjarr.tv\/sq\/tani-policia-ta-sjell-gjoben-me-poste-ne-shtepi\/","title":{"rendered":"Tani policia ta sjell gjob\u00ebn me post\u00eb n\u00eb sht\u00ebpi"},"content":{"rendered":"<p>Drejtori i Policis\u00eb Rrugore t\u00eb Tiran\u00ebs, Mitat Tola n\u00eb nj\u00eb prononcim p\u00ebr gazetar\u00ebt tha se policia ka marr\u00eb masa q\u00eb t\u00eb garantoj\u00eb l\u00ebvizje sa m\u00eb pa probleme p\u00ebr t\u00eb gjith\u00eb ata qytetar\u00eb q\u00eb udh\u00ebtojn\u00eb drejt destinacioneve turistike.<\/p>\n<p>Sipas tij, masat jan\u00eb marr\u00eb q\u00eb n\u00eb muajt prill e maj, nd\u00ebrsa p\u00ebr t\u00eb garantuar sigurin\u00eb e mjeteve policia rrugore ka angazhuar edhe sh\u00ebrbime shtes\u00eb, kryesisht n\u00eb akset q\u00eb t\u00eb \u00e7ojn\u00eb drejt plazheve.<\/p>\n<p>\u2018Sezoni ka filluar tashm\u00eb, edhe ne kemi filluar her\u00ebt me masat p\u00ebrgatitore, q\u00eb n\u00eb muajt prill- maj. Polica rrugore \u00ebsht\u00eb e vendosur n\u00eb t\u00eb gjith\u00eb akset rrugore, kryesisht n\u00eb zonat turistike. Jemi t\u00eb p\u00ebrqendruar dhe kemi sh\u00ebrbime shtes\u00eb. Monitorojn\u00eb trafikun, nd\u00ebrhyjm\u00eb p\u00ebr zhbllokimin e tij dhe b\u00ebjm\u00eb kujdes q\u00eb drejtuesit t\u00eb mos i shkelin rregullat\u2019,- tha ai.<\/p>\n<p>Nd\u00ebr shkeljet m\u00eb t\u00eb shpeshta gjat\u00eb k\u00ebtyre koh\u00ebve, Tola renditi shpejt\u00ebsin\u00eb, konsumimin e alkoolit.<\/p>\n<p>Ai tha nd\u00ebr t\u00eb tjera, se nj\u00eb risi e k\u00ebtij sezoni ka qen\u00eb edhe d\u00ebrgimi i gjobave n\u00eb adres\u00ebn e shkel\u00ebsit.<\/p>\n<p>\u2018Ka filluar t\u00eb bjer\u00eb numri i masave me ndalim. Jan\u00eb rritur masat e gjobave n\u00eb munges\u00eb q\u00eb tani i d\u00ebrgojm\u00eb me post\u00eb n\u00eb sht\u00ebpin\u00eb e qytetar\u00ebve\u2019.<\/p>\n<p>Por, pavar\u00ebsisht masave t\u00eb marra, Tola renditi edhe disa prej akseve ku ka problematika dhe trafik t\u00eb r\u00ebnduar.<\/p>\n<p>\u2018Akset m\u00eb problematike jan\u00eb autostrada Tiran\u00eb-Durr\u00ebs, pjesa e Gjirit t\u00eb Lalzit, pjesa nga Durr\u00ebsi n\u00eb drejtim t\u00eb Vlor\u00ebs, Fieri ka nj\u00ebfar\u00eb leht\u00ebsimi p\u00ebr shkak t\u00eb by pass-it. Problematike mbetet zona e Vlor\u00ebs dhe Sarand\u00ebs. Pjes\u00eb problematike \u00ebsht\u00eb edhe Fush\u00eb-Kruja p\u00ebr shkak t\u00eb punimeve rehabilituese q\u00eb po ndodhin n\u00eb hyrje t\u00eb qytetit\u2019,- tha Tola, nd\u00ebrsa rekomandoi pushuesit q\u00eb zgjedhin jugun t\u00eb kalojn\u00eb nga Elbasani q\u00eb t\u00eb mos mbeten n\u00eb trafikun e Durr\u00ebsit<\/p>\n<p>&nbsp;<\/p>\n","protected":false},"excerpt":{"rendered":"<p>Drejtori i Policis\u00eb Rrugore t\u00eb Tiran\u00ebs, Mitat Tola n\u00eb nj\u00eb prononcim p\u00ebr gazetar\u00ebt tha se policia ka marr\u00eb masa q\u00eb t\u00eb garantoj\u00eb l\u00ebvizje sa m\u00eb pa probleme p\u00ebr t\u00eb gjith\u00eb ata qytetar\u00eb q\u00eb udh\u00ebtojn\u00eb drejt destinacioneve turistike. Sipas tij, masat jan\u00eb marr\u00eb q\u00eb n\u00eb muajt prill e maj, nd\u00ebrsa p\u00ebr t\u00eb garantuar sigurin\u00eb e mjeteve [&hellip;]<\/p>\n","protected":false},"author":2013,"featured_media":97453,"comment_status":"open","ping_status":"closed","sticky":false,"template":"","format":"standard","meta":{"footnotes":""},"categories":[241,235],"tags":[],"class_list":{"0":"post-97452","1":"post","2":"type-post","3":"status-publish","4":"format-standard","5":"has-post-thumbnail","7":"category-aktualitet","8":"category-vendi"},"_links":{"self":[{"href":"https:\/\/zjarr.tv\/sq\/wp-json\/wp\/v2\/posts\/97452","targetHints":{"allow":["GET"]}}],"collection":[{"href":"https:\/\/zjarr.tv\/sq\/wp-json\/wp\/v2\/posts"}],"about":[{"href":"https:\/\/zjarr.tv\/sq\/wp-json\/wp\/v2\/types\/post"}],"author":[{"embeddable":true,"href":"https:\/\/zjarr.tv\/sq\/wp-json\/wp\/v2\/users\/2013"}],"replies":[{"embeddable":true,"href":"https:\/\/zjarr.tv\/sq\/wp-json\/wp\/v2\/comments?post=97452"}],"version-history":[{"count":0,"href":"https:\/\/zjarr.tv\/sq\/wp-json\/wp\/v2\/posts\/97452\/revisions"}],"wp:featuredmedia":[{"embeddable":true,"href":"https:\/\/zjarr.tv\/sq\/wp-json\/wp\/v2\/media\/97453"}],"wp:attachment":[{"href":"https:\/\/zjarr.tv\/sq\/wp-json\/wp\/v2\/media?parent=97452"}],"wp:term":[{"taxonomy":"category","embeddable":true,"href":"https:\/\/zjarr.tv\/sq\/wp-json\/wp\/v2\/categories?post=97452"},{"taxonomy":"post_tag","embeddable":true,"href":"https:\/\/zjarr.tv\/sq\/wp-json\/wp\/v2\/tags?post=97452"}],"curies":[{"name":"wp","href":"https:\/\/api.w.org\/{rel}","templated":true}]}}