{"id":97456,"date":"2019-07-20T13:17:14","date_gmt":"2019-07-20T11:17:14","guid":{"rendered":"https:\/\/zjarr.tv\/?p=97456"},"modified":"2019-07-20T13:17:14","modified_gmt":"2019-07-20T11:17:14","slug":"historia-e-fshatit-shqiptar-ne-bullgari-themeluar-ne-vitin-1636","status":"publish","type":"post","link":"https:\/\/zjarr.tv\/sq\/historia-e-fshatit-shqiptar-ne-bullgari-themeluar-ne-vitin-1636\/","title":{"rendered":"Historia e fshatit shqiptar n\u00eb Bullgari, themeluar n\u00eb vitin 1636"},"content":{"rendered":"<p>\u00cbsht\u00eb e pamundur t\u00eb shkosh n\u00eb nj\u00eb vend t\u00eb Evrop\u00ebs, madje dhe t\u00eb bot\u00ebs dhe t\u00eb mos gjesh shqiptar\u00eb. Diku t\u00eb vendosur rishtazi dhe diku me rr\u00ebnje thell\u00eb n\u00eb histori, duke krijuar edhe komunitetin e tyre.<br \/>\nI till\u00eb \u00ebsht\u00eb edhe Mandrica, nj\u00eb fshat n\u00eb Bullgari, i cili \u00ebsht\u00eb themeluar nga shqiptar\u00ebt n\u00eb vitin 1636.<br \/>\nDit\u00ebt e fundit ky fshat \u00ebsht\u00eb vizituar nga Ambasador\u00ebt e Shqip\u00ebris\u00eb dhe Kosov\u00ebs, Donika Hoxha dhe Edon Cana.<br \/>\nAta kan\u00eb takuar zonjat shqipfol\u00ebse t\u00eb fshatit dhe bisedojn\u00eb n\u00eb gjuh\u00ebn shqipe.<br \/>\nMandrica \u00ebsht\u00eb nj\u00eb fshat n\u00eb kufirin jugor t\u00eb Bullgaris\u00eb pjes\u00eb e rrethit t\u00eb Ivajlovgradit, provinca Haskovo. \u00cbsht\u00eb nj\u00eb nder t\u00eb rrall\u00ebt fshatra shqiptar\u00eb n\u00eb Bullgari. Popullsia e k\u00ebtij fshati n\u00eb vitin 2006 ishte 75 banor\u00eb.<br \/>\nMandrica \u00ebsht\u00eb vendosur n\u00eb bregun e djatht\u00eb t\u00eb lumit Bella Reka n\u00eb pik\u00ebn m\u00eb lindore t\u00eb maleve Rodope 15 kilometra n\u00eb jug t\u00eb Ivajlovgradit dhe dy kilometra larg lumit Lluda Reka, i cili nj\u00ebkoh\u00ebsisht formon vij\u00ebn kufitare bullgaro-greke.<br \/>\nHistoria e fshatit shqiptar<br \/>\nFshati Mandric\u00eb u krijua m\u00eb 1636 nga disa barinj ortodoks\u00eb shqiptar\u00eb q\u00eb furnizonin ushtrin\u00eb otomane me produkte qum\u00ebshti. Ata u lejuan t\u00eb merrnin nj\u00eb cop\u00eb tok\u00eb dhe t\u00eb mos pagonin taksa. Pjesa m\u00eb e madhe e shqiptar\u00ebve erdh\u00ebn n\u00eb shekullin XVIII nga rrethinat e Kor\u00e7\u00ebs dhe n\u00eb shekullin XIX nga rajoni i Sulit q\u00eb ndodhet n\u00eb Greqin\u00eb e sotme. Banor\u00ebt i ruajt\u00ebn veshjet komb\u00ebtare suljote deri n\u00eb shekullin e 19-t\u00eb kur fustanella u z\u00ebvend\u00ebsua nga pantallonat thrakiane, nd\u00ebrsa veshjet e grave u ruajt\u00ebn deri n\u00eb koh\u00ebn e emigrimit n\u00eb mas\u00eb n\u00eb Greqi.<br \/>\nN\u00eb shekullin e 19-t\u00eb Mandrica ishte nj\u00eb qytet i vog\u00ebl shqiptar\u00ebsh n\u00eb kazan\u00eb e Dimotk\u00ebs. N\u00eb vitin 1873 ishte nj\u00eb vendbanim me 250 sht\u00ebpi, me rreth 1080 banor\u00eb shqiptar\u00eb. N\u00eb 1908 burimet greke e quanin popullsin\u00eb prej 3500 banor\u00ebsh si \u201cgrek\u00eb shqipfol\u00ebs shumica e t\u00eb cil\u00ebve fliste edhe greqisht\u201d. Profesionet kryesore ishin rritja e m\u00ebndafshit, kultivimi i duhanit, artizanati dhe tregtia. Fshati kishte tre institucione arsimore greke: nj\u00eb shkoll\u00eb p\u00ebr djem, nj\u00eb shkoll\u00eb p\u00ebr vajza dhe nj\u00eb kop\u00ebsht f\u00ebmij\u00ebsh.<\/p>\n","protected":false},"excerpt":{"rendered":"<p>\u00cbsht\u00eb e pamundur t\u00eb shkosh n\u00eb nj\u00eb vend t\u00eb Evrop\u00ebs, madje dhe t\u00eb bot\u00ebs dhe t\u00eb mos gjesh shqiptar\u00eb. Diku t\u00eb vendosur rishtazi dhe diku me rr\u00ebnje thell\u00eb n\u00eb histori, duke krijuar edhe komunitetin e tyre. I till\u00eb \u00ebsht\u00eb edhe Mandrica, nj\u00eb fshat n\u00eb Bullgari, i cili \u00ebsht\u00eb themeluar nga shqiptar\u00ebt n\u00eb vitin 1636. Dit\u00ebt [&hellip;]<\/p>\n","protected":false},"author":2013,"featured_media":97457,"comment_status":"open","ping_status":"closed","sticky":false,"template":"","format":"standard","meta":{"footnotes":""},"categories":[241,235],"tags":[],"class_list":{"0":"post-97456","1":"post","2":"type-post","3":"status-publish","4":"format-standard","5":"has-post-thumbnail","7":"category-aktualitet","8":"category-vendi"},"_links":{"self":[{"href":"https:\/\/zjarr.tv\/sq\/wp-json\/wp\/v2\/posts\/97456","targetHints":{"allow":["GET"]}}],"collection":[{"href":"https:\/\/zjarr.tv\/sq\/wp-json\/wp\/v2\/posts"}],"about":[{"href":"https:\/\/zjarr.tv\/sq\/wp-json\/wp\/v2\/types\/post"}],"author":[{"embeddable":true,"href":"https:\/\/zjarr.tv\/sq\/wp-json\/wp\/v2\/users\/2013"}],"replies":[{"embeddable":true,"href":"https:\/\/zjarr.tv\/sq\/wp-json\/wp\/v2\/comments?post=97456"}],"version-history":[{"count":0,"href":"https:\/\/zjarr.tv\/sq\/wp-json\/wp\/v2\/posts\/97456\/revisions"}],"wp:featuredmedia":[{"embeddable":true,"href":"https:\/\/zjarr.tv\/sq\/wp-json\/wp\/v2\/media\/97457"}],"wp:attachment":[{"href":"https:\/\/zjarr.tv\/sq\/wp-json\/wp\/v2\/media?parent=97456"}],"wp:term":[{"taxonomy":"category","embeddable":true,"href":"https:\/\/zjarr.tv\/sq\/wp-json\/wp\/v2\/categories?post=97456"},{"taxonomy":"post_tag","embeddable":true,"href":"https:\/\/zjarr.tv\/sq\/wp-json\/wp\/v2\/tags?post=97456"}],"curies":[{"name":"wp","href":"https:\/\/api.w.org\/{rel}","templated":true}]}}