{"id":97459,"date":"2019-07-20T13:18:19","date_gmt":"2019-07-20T11:18:19","guid":{"rendered":"https:\/\/zjarr.tv\/?p=97459"},"modified":"2019-07-20T13:18:19","modified_gmt":"2019-07-20T11:18:19","slug":"shpetim-idrizi-leksioni-qe-haradinaj-i-dha-politikes","status":"publish","type":"post","link":"https:\/\/zjarr.tv\/sq\/shpetim-idrizi-leksioni-qe-haradinaj-i-dha-politikes\/","title":{"rendered":"Shp\u00ebtim Idrizi: Leksioni q\u00eb Haradinaj i dha politik\u00ebs"},"content":{"rendered":"<p>Kryetari i PDIU-s\u00eb, Shp\u00ebtim Idrizi ka reaguar p\u00ebr dor\u00ebheqjen e parevokueshme t\u00eb kryeministrit t\u00eb Kosov\u00ebs, Ramush Haradinaj.<\/p>\n<p>Sipas Idrizit, me vendimin e tij, Haradinaj dha nj\u00eb leksion prej burri shteti p\u00ebr gjith\u00eb politikan\u00ebt shqipt\u00ebr\u00eb, \u201cq\u00eb t\u00eb mos sillen sikur drejtojn\u00eb feude Bizantine, por shtete Sovrane\u201d<\/p>\n<p>STATUSI I PLOTE<\/p>\n<p>Ramush Haradinaj burr\u00eb n\u00eb luft\u00eb e burr\u00eb shtetas n\u00eb Paqe\u2026<br \/>\nLuft\u00ebn e burrave e grave t\u00eb U\u00c7K-s\u00eb nuk e tjet\u00ebrsojn\u00eb dot si luft\u00eb e Shqiptar\u00ebve t\u00eb Kosov\u00ebs p\u00ebr liri e demokraci.<br \/>\nLuften e U\u00c7K-s\u00eb nuk mund ta p\u00ebrdor\u00eb askush sot si presion e shantazh p\u00ebr ndarjen e Kosov\u00ebs, apo heqjen e Taks\u00ebs me Serbin\u00eb deri n\u00eb njohjen e Kosov\u00ebs.<br \/>\nKomandant e Kryeminist\u00ebr Ramush Haradinaj, me k\u00ebt\u00eb akt dhe nj\u00eb leksion prej burri shteti p\u00ebr gjith\u00eb shtetar\u00ebt Shqiptar\u00eb, q\u00eb t\u00eb mos sillen sikur drejtojn\u00eb feude Bizantine, por shtete Sovrane.<\/p>\n<p>&nbsp;<\/p>\n","protected":false},"excerpt":{"rendered":"<p>Kryetari i PDIU-s\u00eb, Shp\u00ebtim Idrizi ka reaguar p\u00ebr dor\u00ebheqjen e parevokueshme t\u00eb kryeministrit t\u00eb Kosov\u00ebs, Ramush Haradinaj. Sipas Idrizit, me vendimin e tij, Haradinaj dha nj\u00eb leksion prej burri shteti p\u00ebr gjith\u00eb politikan\u00ebt shqipt\u00ebr\u00eb, \u201cq\u00eb t\u00eb mos sillen sikur drejtojn\u00eb feude Bizantine, por shtete Sovrane\u201d STATUSI I PLOTE Ramush Haradinaj burr\u00eb n\u00eb luft\u00eb e burr\u00eb [&hellip;]<\/p>\n","protected":false},"author":2013,"featured_media":50953,"comment_status":"open","ping_status":"closed","sticky":false,"template":"","format":"standard","meta":{"footnotes":""},"categories":[241,235],"tags":[],"class_list":{"0":"post-97459","1":"post","2":"type-post","3":"status-publish","4":"format-standard","5":"has-post-thumbnail","7":"category-aktualitet","8":"category-vendi"},"_links":{"self":[{"href":"https:\/\/zjarr.tv\/sq\/wp-json\/wp\/v2\/posts\/97459","targetHints":{"allow":["GET"]}}],"collection":[{"href":"https:\/\/zjarr.tv\/sq\/wp-json\/wp\/v2\/posts"}],"about":[{"href":"https:\/\/zjarr.tv\/sq\/wp-json\/wp\/v2\/types\/post"}],"author":[{"embeddable":true,"href":"https:\/\/zjarr.tv\/sq\/wp-json\/wp\/v2\/users\/2013"}],"replies":[{"embeddable":true,"href":"https:\/\/zjarr.tv\/sq\/wp-json\/wp\/v2\/comments?post=97459"}],"version-history":[{"count":0,"href":"https:\/\/zjarr.tv\/sq\/wp-json\/wp\/v2\/posts\/97459\/revisions"}],"wp:featuredmedia":[{"embeddable":true,"href":"https:\/\/zjarr.tv\/sq\/wp-json\/wp\/v2\/media\/50953"}],"wp:attachment":[{"href":"https:\/\/zjarr.tv\/sq\/wp-json\/wp\/v2\/media?parent=97459"}],"wp:term":[{"taxonomy":"category","embeddable":true,"href":"https:\/\/zjarr.tv\/sq\/wp-json\/wp\/v2\/categories?post=97459"},{"taxonomy":"post_tag","embeddable":true,"href":"https:\/\/zjarr.tv\/sq\/wp-json\/wp\/v2\/tags?post=97459"}],"curies":[{"name":"wp","href":"https:\/\/api.w.org\/{rel}","templated":true}]}}