{"id":97463,"date":"2019-07-20T13:22:05","date_gmt":"2019-07-20T11:22:05","guid":{"rendered":"https:\/\/zjarr.tv\/?p=97463"},"modified":"2019-07-20T13:22:05","modified_gmt":"2019-07-20T11:22:05","slug":"starton-ne-apple-store-aplikacioni-diaspora-shqiptare","status":"publish","type":"post","link":"https:\/\/zjarr.tv\/sq\/starton-ne-apple-store-aplikacioni-diaspora-shqiptare\/","title":{"rendered":"Starton n\u00eb Apple Store, aplikacioni \u201cDiaspora Shqiptare\u201d"},"content":{"rendered":"<p>\u201cStarton n\u00eb Apple Store, aplikacioni i par\u00eb informues \u2018Diaspora Shqiptare\u2019, deklaron ministri i Shtetit p\u00ebr Diaspor\u00ebn, Pandeli Majko, duke shtuar se shqiptar\u00ebt p\u00ebr her\u00eb t\u00eb par\u00eb kan\u00eb hap\u00ebsir\u00eb virtuale.<\/p>\n<p>Ministri i Diaspor\u00ebs, Majko shprehet se prej dit\u00ebs s\u00eb sotme t\u00eb gjith\u00eb shqiptar\u00ebt kudo gjenden kan\u00eb mund\u00ebsi t\u00eb njihen n\u00eb koh\u00eb reale me gjith\u00e7ka ndodh n\u00eb Diaspor\u00ebn Shqiptare.<\/p>\n<p>\u201cKjo, fal\u00eb aplikacionit m\u00eb t\u00eb ri \u2018Diaspora Shqiptare\u2019, i cili prej dit\u00ebs s\u00eb sotme gjendet falas n\u00eb dyqanet virtuale\u201d, sqaron ai.<\/p>\n<p>Po ashtu ai shpjegon se \u201csynimi i k\u00ebtij aplikacioni \u00ebsht\u00eb q\u00eb t\u00eb ofroj\u00eb informacion t\u00eb plot\u00eb p\u00ebr gjith\u00e7ka ndodh n\u00eb Diaspor\u00eb, t\u00eb pasqyroj\u00eb aktivitetet e komunitetit shqiptar n\u00eb \u00e7do vend e mbi t\u00eb gjitha t\u00eb jet\u00eb pik\u00eb referimi p\u00ebr t\u00eb gjith\u00eb shqiptar\u00ebt kudo jan\u00eb. Aplikacioni \u201cDiaspora Shqiptare\u201d do t\u00eb jet\u00eb nj\u00eb platform\u00eb aktive p\u00ebr t\u00eb gjith\u00eb veprimtarin\u00eb e K\u00ebshillit Koordinues t\u00eb Diaspor\u00ebs, i cili p\u00ebrb\u00ebhet nga 15 p\u00ebrfaq\u00ebsues t\u00eb komunitetit shqiptar n\u00eb bot\u00eb\u201d.<\/p>\n<p>\u201cN\u00ebp\u00ebrmjet k\u00ebtij aplikacioni do t\u00eb vijn\u00eb te ju lajme, analiza, ide, sugjerime dhe komente lidhur me realitetin shqiptar brenda dhe jasht\u00eb Shqip\u00ebris\u00eb. Mjafton vet\u00ebm ta shkarkoni at\u00eb n\u00eb telefonin tuaj, t\u00eb regjistroheni me nj\u00eb adres\u00eb e-mail-i, t\u00eb vendosni nj\u00eb fjal\u00eb ky\u00e7\u00ebse dhe brenda pak minutash do t\u00eb jeni p\u00ebrdorues i tij. N\u00ebp\u00ebrmjet kategorive t\u00eb p\u00ebrzgjedhura mund t\u00eb gjeni informacionin q\u00eb ju nevojitet: aktualitet, histori suksesi n\u00eb fusha t\u00eb ndryshme, kultur\u00eb, sport etj. Ai \u00ebsht\u00eb i ndar\u00eb sipas shteteve, ku lexuesi mund t\u00eb p\u00ebrzgjedh\u00eb t\u00eb lexoj\u00eb vet\u00ebm lajmet, nga nj\u00eb ose disa shtete t\u00eb caktuara\u201d shton ai.<\/p>\n<p>Gjithashtu, Majko shprehet se \u201cajo \u00e7ka e b\u00ebn t\u00eb ve\u00e7ant\u00eb k\u00ebt\u00eb aplikacion \u00ebsht\u00eb fakti se p\u00ebr her\u00eb t\u00eb par\u00eb shqiptar\u00ebt kan\u00eb nj\u00eb hap\u00ebsir\u00eb virtuale t\u00eb p\u00ebrbashk\u00ebt ku mund t\u00eb informohen p\u00ebr gjith\u00e7ka ndodh n\u00eb komunitetin shqiptar an\u00eb e mban\u00eb bot\u00ebs\u201d.<\/p>\n<p>&nbsp;<\/p>\n","protected":false},"excerpt":{"rendered":"<p>\u201cStarton n\u00eb Apple Store, aplikacioni i par\u00eb informues \u2018Diaspora Shqiptare\u2019, deklaron ministri i Shtetit p\u00ebr Diaspor\u00ebn, Pandeli Majko, duke shtuar se shqiptar\u00ebt p\u00ebr her\u00eb t\u00eb par\u00eb kan\u00eb hap\u00ebsir\u00eb virtuale. Ministri i Diaspor\u00ebs, Majko shprehet se prej dit\u00ebs s\u00eb sotme t\u00eb gjith\u00eb shqiptar\u00ebt kudo gjenden kan\u00eb mund\u00ebsi t\u00eb njihen n\u00eb koh\u00eb reale me gjith\u00e7ka ndodh n\u00eb [&hellip;]<\/p>\n","protected":false},"author":2013,"featured_media":97464,"comment_status":"open","ping_status":"closed","sticky":false,"template":"","format":"standard","meta":{"footnotes":""},"categories":[241,235],"tags":[],"class_list":{"0":"post-97463","1":"post","2":"type-post","3":"status-publish","4":"format-standard","5":"has-post-thumbnail","7":"category-aktualitet","8":"category-vendi"},"_links":{"self":[{"href":"https:\/\/zjarr.tv\/sq\/wp-json\/wp\/v2\/posts\/97463","targetHints":{"allow":["GET"]}}],"collection":[{"href":"https:\/\/zjarr.tv\/sq\/wp-json\/wp\/v2\/posts"}],"about":[{"href":"https:\/\/zjarr.tv\/sq\/wp-json\/wp\/v2\/types\/post"}],"author":[{"embeddable":true,"href":"https:\/\/zjarr.tv\/sq\/wp-json\/wp\/v2\/users\/2013"}],"replies":[{"embeddable":true,"href":"https:\/\/zjarr.tv\/sq\/wp-json\/wp\/v2\/comments?post=97463"}],"version-history":[{"count":0,"href":"https:\/\/zjarr.tv\/sq\/wp-json\/wp\/v2\/posts\/97463\/revisions"}],"wp:featuredmedia":[{"embeddable":true,"href":"https:\/\/zjarr.tv\/sq\/wp-json\/wp\/v2\/media\/97464"}],"wp:attachment":[{"href":"https:\/\/zjarr.tv\/sq\/wp-json\/wp\/v2\/media?parent=97463"}],"wp:term":[{"taxonomy":"category","embeddable":true,"href":"https:\/\/zjarr.tv\/sq\/wp-json\/wp\/v2\/categories?post=97463"},{"taxonomy":"post_tag","embeddable":true,"href":"https:\/\/zjarr.tv\/sq\/wp-json\/wp\/v2\/tags?post=97463"}],"curies":[{"name":"wp","href":"https:\/\/api.w.org\/{rel}","templated":true}]}}