{"id":97468,"date":"2019-07-20T13:25:58","date_gmt":"2019-07-20T11:25:58","guid":{"rendered":"https:\/\/zjarr.tv\/?p=97468"},"modified":"2019-07-20T13:25:58","modified_gmt":"2019-07-20T11:25:58","slug":"legjenda-fatmir-frasheri-meta-kujton-ndeshjen-me-ajax","status":"publish","type":"post","link":"https:\/\/zjarr.tv\/sq\/legjenda-fatmir-frasheri-meta-kujton-ndeshjen-me-ajax\/","title":{"rendered":"Legjenda Fatmir Frash\u00ebri, Meta kujton ndeshjen me Ajax"},"content":{"rendered":"<p>Presidenti i Republik\u00ebs Ilir Meta nuk ka mundur t\u00eb mos shkruaj\u00eb s\u00ebrish p\u00ebr legjend\u00ebn e futbollit shqiptar Fatmir Frash\u00ebri, i cili u ndaj nga jeta dje n\u00eb mosh\u00ebn 78-vje\u00e7are.<\/p>\n<p>N\u00eb nj\u00eb postim n\u00eb \u201cFacebok\u201d, Meta kujton fjal\u00ebt e holandezit Johan Cruijff se nuk \u00ebsht\u00eb r\u00ebnd\u00ebsishme vet\u00ebm t\u00eb fitosh por edhe si fiton si dhe 14 rregullat baz\u00eb q\u00eb si\u00e7 thot\u00eb Presidenti i shkojn\u00eb shum\u00eb edhe legjend\u00ebs kuqezi dhe bardh\u00eb e blu q\u00eb u ndesh i barabart\u00eb me Ajax-in e madh\u00ebrish\u00ebm t\u00eb asaj kohe.<\/p>\n<p>Kreu i Shtetit iu shpreh mir\u00ebnjohjen familjes Frash\u00ebri, koleg\u00ebve dhe sportdash\u00ebsve duke sjell\u00eb edhe fotot e tij n\u00eb ndeshjen me Ajax-in.<\/p>\n<p><strong>MESAZHI I MET\u00cbS<\/strong><br \/>\nNjeriu i cili ndryshoi futbollin bot\u00ebror, legjenda e Ajax, Johan Cruijff deklaronte se nuk \u00ebsht\u00eb e r\u00ebnd\u00ebsishme vet\u00ebm t\u00eb fitosh, por edhe si fiton.<\/p>\n<p>P\u00ebr t\u00eb mb\u00ebshtetur k\u00ebt\u00eb filozofi t\u00eb re, ai publikoi 14 rregullat baz\u00eb q\u00eb i shkojn\u00eb aq shum\u00eb edhe legjend\u00ebs kuqezi\ud83c\udde6\ud83c\uddf1 dhe bardh\u00eb e blu\u26aa\ud83d\udd35, i cili u ndesh si i barabart\u00eb me Ajax-in e madh\u00ebrish\u00ebm t\u00eb asaj kohe. Sidomos rregulli i 14: \u201cBring beauty to the sport\u201d i shkonte aq shum\u00eb Fatmir Frash\u00ebrit.<\/p>\n<p>Ndaj sot n\u00eb k\u00ebto momente dhimbje e nostalgjie, familjes Frash\u00ebri, koleg\u00ebve dhe t\u00eb gjith\u00eb sportdash\u00ebsve dua t\u2019u shpreh edhe nj\u00ebher\u00eb mir\u00ebnjohjen m\u00eb t\u00eb thell\u00eb p\u00ebr vepr\u00ebn e tij, dhe ne do ta kujtojm\u00eb p\u00ebrher\u00eb me dashuri me k\u00ebto foto nga ndeshjet me Ajax-in, ku u m\u00ebsoi t\u00eb gjith\u00ebve se si duhet t\u00eb ndeshemi me dinjitet dhe t\u00eb barabart\u00eb edhe me m\u00eb t\u00eb m\u00ebdhenjt\u00eb.\ud83c\udde6\ud83c\uddf1<\/p>\n<p>&nbsp;<\/p>\n","protected":false},"excerpt":{"rendered":"<p>Presidenti i Republik\u00ebs Ilir Meta nuk ka mundur t\u00eb mos shkruaj\u00eb s\u00ebrish p\u00ebr legjend\u00ebn e futbollit shqiptar Fatmir Frash\u00ebri, i cili u ndaj nga jeta dje n\u00eb mosh\u00ebn 78-vje\u00e7are. N\u00eb nj\u00eb postim n\u00eb \u201cFacebok\u201d, Meta kujton fjal\u00ebt e holandezit Johan Cruijff se nuk \u00ebsht\u00eb r\u00ebnd\u00ebsishme vet\u00ebm t\u00eb fitosh por edhe si fiton si dhe 14 [&hellip;]<\/p>\n","protected":false},"author":2013,"featured_media":97469,"comment_status":"open","ping_status":"closed","sticky":false,"template":"","format":"standard","meta":{"footnotes":""},"categories":[241,235],"tags":[],"class_list":{"0":"post-97468","1":"post","2":"type-post","3":"status-publish","4":"format-standard","5":"has-post-thumbnail","7":"category-aktualitet","8":"category-vendi"},"_links":{"self":[{"href":"https:\/\/zjarr.tv\/sq\/wp-json\/wp\/v2\/posts\/97468","targetHints":{"allow":["GET"]}}],"collection":[{"href":"https:\/\/zjarr.tv\/sq\/wp-json\/wp\/v2\/posts"}],"about":[{"href":"https:\/\/zjarr.tv\/sq\/wp-json\/wp\/v2\/types\/post"}],"author":[{"embeddable":true,"href":"https:\/\/zjarr.tv\/sq\/wp-json\/wp\/v2\/users\/2013"}],"replies":[{"embeddable":true,"href":"https:\/\/zjarr.tv\/sq\/wp-json\/wp\/v2\/comments?post=97468"}],"version-history":[{"count":0,"href":"https:\/\/zjarr.tv\/sq\/wp-json\/wp\/v2\/posts\/97468\/revisions"}],"wp:featuredmedia":[{"embeddable":true,"href":"https:\/\/zjarr.tv\/sq\/wp-json\/wp\/v2\/media\/97469"}],"wp:attachment":[{"href":"https:\/\/zjarr.tv\/sq\/wp-json\/wp\/v2\/media?parent=97468"}],"wp:term":[{"taxonomy":"category","embeddable":true,"href":"https:\/\/zjarr.tv\/sq\/wp-json\/wp\/v2\/categories?post=97468"},{"taxonomy":"post_tag","embeddable":true,"href":"https:\/\/zjarr.tv\/sq\/wp-json\/wp\/v2\/tags?post=97468"}],"curies":[{"name":"wp","href":"https:\/\/api.w.org\/{rel}","templated":true}]}}