{"id":97499,"date":"2019-07-20T15:41:50","date_gmt":"2019-07-20T13:41:50","guid":{"rendered":"https:\/\/zjarr.tv\/?p=97499"},"modified":"2019-07-20T15:41:50","modified_gmt":"2019-07-20T13:41:50","slug":"policia-ne-aksion-ne-sarande-arrestohen-3-persona","status":"publish","type":"post","link":"https:\/\/zjarr.tv\/sq\/policia-ne-aksion-ne-sarande-arrestohen-3-persona\/","title":{"rendered":"Policia n\u00eb aksion n\u00eb Sarand\u00eb, arrestohen 3 persona"},"content":{"rendered":"<p>Policia e Sarand\u00ebs b\u00ebn me dije se ka arrestuar 3 persona gjat\u00eb 24 or\u00ebve t\u00eb fundit.<\/p>\n<p>Uniformat blu t\u00eb qytetit bregdetar njoftojn\u00eb se t\u00eb arrestuarit kan\u00eb kund\u00ebrshtuar policin\u00eb dhe kan\u00eb prishur qet\u00ebsin\u00eb publike.<\/p>\n<p><strong>Njoftimi i policis\u00eb:<\/strong><\/p>\n<p>Sarand\u00eb<\/p>\n<p>Policia ka arreatuar 3 persona p\u00ebr vepra t\u00eb ndryshme penale. Arrestohet n\u00eb flagranc\u00eb shtetasi shtetasi V. B., 16 vje\u00e7, banues n\u00eb Sarand\u00eb.<\/p>\n<p>Arrestimi i tij u b\u00eb n\u00eb lagjen nr.1 Sarand\u00eb, pasi pas nj\u00eb konflikti p\u00ebr motive t\u00eb dob\u00ebta me shtetasin E.\u00c7., shtetasi V. B., ka kund\u00ebrshtuar me dhun\u00eb punonj\u00ebsin e policis\u00eb V.A., i cili ky i fundit ka nd\u00ebrhyr\u00eb p\u00ebr t\u00eb shuar konliktin por ka mbetur i d\u00ebmtuar vet\u00eb.<\/p>\n<p>Gjithashtu, policia ka proceduar n\u00eb gjendje t\u00eb lir\u00eb shtetasit S.B dhe F.B (50 dhe 20 vje\u00e7) p\u00ebr vepr\u00ebn penale \u201cKund\u00ebrshtimi i punonj\u00ebsit t\u00eb policis\u00eb s\u00eb rendit publik\u201d.<\/p>\n<p>&nbsp;<\/p>\n","protected":false},"excerpt":{"rendered":"<p>Policia e Sarand\u00ebs b\u00ebn me dije se ka arrestuar 3 persona gjat\u00eb 24 or\u00ebve t\u00eb fundit. Uniformat blu t\u00eb qytetit bregdetar njoftojn\u00eb se t\u00eb arrestuarit kan\u00eb kund\u00ebrshtuar policin\u00eb dhe kan\u00eb prishur qet\u00ebsin\u00eb publike. Njoftimi i policis\u00eb: Sarand\u00eb Policia ka arreatuar 3 persona p\u00ebr vepra t\u00eb ndryshme penale. Arrestohet n\u00eb flagranc\u00eb shtetasi shtetasi V. B., 16 [&hellip;]<\/p>\n","protected":false},"author":2013,"featured_media":97500,"comment_status":"open","ping_status":"closed","sticky":false,"template":"","format":"standard","meta":{"footnotes":""},"categories":[241,235],"tags":[],"class_list":{"0":"post-97499","1":"post","2":"type-post","3":"status-publish","4":"format-standard","5":"has-post-thumbnail","7":"category-aktualitet","8":"category-vendi"},"_links":{"self":[{"href":"https:\/\/zjarr.tv\/sq\/wp-json\/wp\/v2\/posts\/97499","targetHints":{"allow":["GET"]}}],"collection":[{"href":"https:\/\/zjarr.tv\/sq\/wp-json\/wp\/v2\/posts"}],"about":[{"href":"https:\/\/zjarr.tv\/sq\/wp-json\/wp\/v2\/types\/post"}],"author":[{"embeddable":true,"href":"https:\/\/zjarr.tv\/sq\/wp-json\/wp\/v2\/users\/2013"}],"replies":[{"embeddable":true,"href":"https:\/\/zjarr.tv\/sq\/wp-json\/wp\/v2\/comments?post=97499"}],"version-history":[{"count":0,"href":"https:\/\/zjarr.tv\/sq\/wp-json\/wp\/v2\/posts\/97499\/revisions"}],"wp:featuredmedia":[{"embeddable":true,"href":"https:\/\/zjarr.tv\/sq\/wp-json\/wp\/v2\/media\/97500"}],"wp:attachment":[{"href":"https:\/\/zjarr.tv\/sq\/wp-json\/wp\/v2\/media?parent=97499"}],"wp:term":[{"taxonomy":"category","embeddable":true,"href":"https:\/\/zjarr.tv\/sq\/wp-json\/wp\/v2\/categories?post=97499"},{"taxonomy":"post_tag","embeddable":true,"href":"https:\/\/zjarr.tv\/sq\/wp-json\/wp\/v2\/tags?post=97499"}],"curies":[{"name":"wp","href":"https:\/\/api.w.org\/{rel}","templated":true}]}}