{"id":97502,"date":"2019-07-20T15:52:30","date_gmt":"2019-07-20T13:52:30","guid":{"rendered":"https:\/\/zjarr.tv\/?p=97502"},"modified":"2019-07-20T15:52:30","modified_gmt":"2019-07-20T13:52:30","slug":"banda-e-shqiptareve-bente-namin-me-grabitje-e-droge-ne-ishullin-e-famshem-mykono","status":"publish","type":"post","link":"https:\/\/zjarr.tv\/sq\/banda-e-shqiptareve-bente-namin-me-grabitje-e-droge-ne-ishullin-e-famshem-mykono\/","title":{"rendered":"Banda e shqiptar\u00ebve b\u00ebnte namin me grabitje e drog\u00eb n\u00eb ishullin e famsh\u00ebm, Mykono"},"content":{"rendered":"<p>Mediat greke raportojn\u00eb se policia e k\u00ebtij vendi ka arritur t\u00eb shkat\u00ebrroj\u00eb nj\u00eb band\u00eb t\u00eb mir\u00eborganizuar shqiptar\u00ebsh e cila vepronte n\u00eb ishullin e famsh\u00ebm turistik Mykono.<\/p>\n<p>Banda kryesishte funksiononte n\u00eb vjedhjen e sht\u00ebpive dhe turist\u00ebve por edhe si shp\u00ebrndar\u00ebse e droge.<\/p>\n<p>M\u00ebsohet se p\u00ebr t\u00eb identifikuar autor\u00ebt dhe p\u00ebr t\u00eb arritur n\u00eb goditjen e k\u00ebsaj bande kriminale u organizua nj\u00eb operacion policor i Drejtoris\u00eb s\u00eb P\u00ebrgjithshme t\u00eb Policis\u00eb s\u00eb Qarkut \u2018South Aegean\u2019, n\u00eb p\u00ebrb\u00ebrje t\u00eb t\u00eb cilit ishin nj\u00eb grup i p\u00ebrb\u00ebr\u00eb nga punonj\u00ebs t\u00eb policis\u00eb t\u00eb Drejtoris\u00eb s\u00eb Policis\u00eb s\u00eb Mykonos dhe Prokuroris\u00eb s\u00eb Atik\u00ebs.<\/p>\n<p>N\u00eb p\u00ebrfundim t\u00eb k\u00ebtij operacioni t\u00eb gjer\u00eb, u arrestuan 7 shqiptar\u00eb t\u00eb mosh\u00ebs 23 deri n\u00eb 39 vje\u00e7 dhe nj\u00eb tjet\u00ebr \u00ebsht\u00eb shpallur n\u00eb k\u00ebrkim.<\/p>\n<p>Mbi grupin e band\u00ebs s\u00eb shqiptar\u00ebve tashm\u00eb t\u00eb arrestuar r\u00ebndojn\u00eb veprat penale t\u00eb organizimit t\u00eb grupit kriminal, vjedhjes, dhun\u00ebs ndaj n\u00ebpun\u00ebsve civil\u00eb, hyrjes ilegale, posedimit dhe trafikimit t\u00eb narkotik\u00ebve.<\/p>\n<p>N\u00eb ve\u00e7anti, zyrtar\u00ebt policor\u00eb t\u00eb taks forc\u00ebs identifikuan dit\u00ebn e enjte, n\u00eb 18 korrik 2019 pas inspektimeve t\u00eb plota t\u00eb IHG, nj\u00eb makin\u00eb n\u00eb t\u00eb cil\u00ebn u ndodh\u00ebn kat\u00ebr prej t\u00eb akuzuarve, nga ku njeri prej tyre u largua.<\/p>\n<p>Nga kontrolli i policis\u00eb i kryer n\u00eb automjet u gjet\u00ebn dhe sekuestruan: 8 pasaporta t\u00eb pal\u00ebve t\u00eb treta; shufra metalike; 4 doreza pune; 2,230 euro, 1,500 dollar\u00eb, 11,000 paund Liban, 180 rads t\u00eb Afrik\u00ebs s\u00eb Jugut; 3 telefona celular\u00eb.<\/p>\n<p>Nga nj\u00eb hetim i kryer n\u00eb prani t\u00eb nj\u00eb zyrtari gjyq\u00ebsor, n\u00eb nj\u00eb banes\u00eb t\u00eb nj\u00eb prej autor\u00ebve, ku nj\u00ebri prej tyre identifikoi edhe kat\u00ebr t\u00eb pandehurit e tjer\u00eb t\u00eb mbetur u gjet\u00ebn dhe konfiskuan 34 paketa mikro q\u00eb p\u00ebrmbajn\u00eb 12.9 gram kokain\u00eb, MDMA 9.1 gram, 5 gram kanabis dhe gjysm\u00eb tablete me p\u00ebrb\u00ebrje kimike t\u00eb panjohur; Crushing kanabis; 2 pasaporta t\u00eb pal\u00ebve t\u00eb treta; sasia prej 1.660 euro dhe 5.000 paund libanez; lente metalike; 2 or\u00eb; 6 telefona celular\u00eb.<\/p>\n<p>Tre raste t\u00eb vjedhjeve t\u00eb vilave turistike t\u00eb dh\u00ebna me qira t\u00eb ndodhura k\u00ebto mbr\u00ebmjen e s\u00eb enjtes n\u00eb 18 korrik 2019 u identifikuan nga studimi i kombinuar i fakteve t\u00eb rastit. Gjithashtu, \u00ebsht\u00eb sqaruar edhe shkelja e nj\u00eb banese e kryer nga nj\u00eb nga autor\u00ebt m\u00eb 28 maj 2019.<\/p>\n<p>Personat e arrestuar u d\u00ebrguan n\u00eb Prokurorin\u00eb e Simvoulio Syros, nd\u00ebrsa hetimi vazhdon me q\u00ebllim q\u00eb t\u00eb verifikohet p\u00ebrfshirjen e tyre edhe n\u00eb raste t\u00eb tjera t\u00eb ngjashme.<\/p>\n<p>&nbsp;<\/p>\n","protected":false},"excerpt":{"rendered":"<p>Mediat greke raportojn\u00eb se policia e k\u00ebtij vendi ka arritur t\u00eb shkat\u00ebrroj\u00eb nj\u00eb band\u00eb t\u00eb mir\u00eborganizuar shqiptar\u00ebsh e cila vepronte n\u00eb ishullin e famsh\u00ebm turistik Mykono. Banda kryesishte funksiononte n\u00eb vjedhjen e sht\u00ebpive dhe turist\u00ebve por edhe si shp\u00ebrndar\u00ebse e droge. M\u00ebsohet se p\u00ebr t\u00eb identifikuar autor\u00ebt dhe p\u00ebr t\u00eb arritur n\u00eb goditjen e k\u00ebsaj [&hellip;]<\/p>\n","protected":false},"author":2013,"featured_media":97503,"comment_status":"open","ping_status":"closed","sticky":false,"template":"","format":"standard","meta":{"footnotes":""},"categories":[241,235],"tags":[],"class_list":{"0":"post-97502","1":"post","2":"type-post","3":"status-publish","4":"format-standard","5":"has-post-thumbnail","7":"category-aktualitet","8":"category-vendi"},"_links":{"self":[{"href":"https:\/\/zjarr.tv\/sq\/wp-json\/wp\/v2\/posts\/97502","targetHints":{"allow":["GET"]}}],"collection":[{"href":"https:\/\/zjarr.tv\/sq\/wp-json\/wp\/v2\/posts"}],"about":[{"href":"https:\/\/zjarr.tv\/sq\/wp-json\/wp\/v2\/types\/post"}],"author":[{"embeddable":true,"href":"https:\/\/zjarr.tv\/sq\/wp-json\/wp\/v2\/users\/2013"}],"replies":[{"embeddable":true,"href":"https:\/\/zjarr.tv\/sq\/wp-json\/wp\/v2\/comments?post=97502"}],"version-history":[{"count":0,"href":"https:\/\/zjarr.tv\/sq\/wp-json\/wp\/v2\/posts\/97502\/revisions"}],"wp:featuredmedia":[{"embeddable":true,"href":"https:\/\/zjarr.tv\/sq\/wp-json\/wp\/v2\/media\/97503"}],"wp:attachment":[{"href":"https:\/\/zjarr.tv\/sq\/wp-json\/wp\/v2\/media?parent=97502"}],"wp:term":[{"taxonomy":"category","embeddable":true,"href":"https:\/\/zjarr.tv\/sq\/wp-json\/wp\/v2\/categories?post=97502"},{"taxonomy":"post_tag","embeddable":true,"href":"https:\/\/zjarr.tv\/sq\/wp-json\/wp\/v2\/tags?post=97502"}],"curies":[{"name":"wp","href":"https:\/\/api.w.org\/{rel}","templated":true}]}}