{"id":97552,"date":"2019-07-20T17:50:19","date_gmt":"2019-07-20T15:50:19","guid":{"rendered":"https:\/\/zjarr.tv\/?p=97552"},"modified":"2019-07-20T17:50:19","modified_gmt":"2019-07-20T15:50:19","slug":"haradinaj-pushton-rrjetet-sociale-dhe-zemrat-e-shqiptareve-zemerate-ndaj-rames","status":"publish","type":"post","link":"https:\/\/zjarr.tv\/sq\/haradinaj-pushton-rrjetet-sociale-dhe-zemrat-e-shqiptareve-zemerate-ndaj-rames\/","title":{"rendered":"Haradinaj pushton rrjetet sociale dhe zemrat e shqiptar\u00ebve, zem\u00ebrat\u00eb ndaj Ram\u00ebs"},"content":{"rendered":"<p>Dor\u00ebheqja e kryeministrit kosovar, Ramush Haradinaj, pasi thirrjes p\u00ebr t\u2019u marr\u00eb n\u00eb pyetje nga Gjykata e Hag\u00ebs, ka shkaktuar nj\u00eb val\u00eb reagimesh n\u00eb rrjetet sociale, duke u kthyer n\u00eb kryefjal\u00ebn e 24 or\u00ebve t\u00eb fundit.<\/p>\n<p>Duke besuar fort te pafaj\u00ebsia e Haradinajt, e provuar m\u00eb par\u00eb edhe nga vet\u00eb Gjykata e Hag\u00ebs, shqiptar\u00ebt nuk len\u00eb pa sulmuar as kryeministrin Edi Rama.<\/p>\n<p>Duke b\u00ebr\u00eb krahasimin mes dy politikan\u00ebve, n\u00eb rrjetet sociale prej or\u00ebsh qarkullojn\u00eb meme, t\u00eb cilat e nxjerrin Ramush Haradinajn lider dhe burr\u00eb shteti, nd\u00ebrsa Ram\u00ebn njeri t\u00eb lidhur me karriken e pushtetit.<\/p>\n<p><a href=\"https:\/\/zjarr.tv\/wp-content\/uploads\/2019\/07\/auto_r11563635383.jpg\"><img loading=\"lazy\" decoding=\"async\" class=\"alignnone size-medium wp-image-97576\" src=\"https:\/\/zjarr.tv\/wp-content\/uploads\/2019\/07\/auto_r11563635383-300x298.jpg\" alt=\"\" width=\"300\" height=\"298\" srcset=\"https:\/\/zjarr.tv\/wp-content\/uploads\/2019\/07\/auto_r11563635383-300x298.jpg 300w, https:\/\/zjarr.tv\/wp-content\/uploads\/2019\/07\/auto_r11563635383-150x150.jpg 150w, https:\/\/zjarr.tv\/wp-content\/uploads\/2019\/07\/auto_r11563635383-768x764.jpg 768w, https:\/\/zjarr.tv\/wp-content\/uploads\/2019\/07\/auto_r11563635383-696x692.jpg 696w, https:\/\/zjarr.tv\/wp-content\/uploads\/2019\/07\/auto_r11563635383-422x420.jpg 422w, https:\/\/zjarr.tv\/wp-content\/uploads\/2019\/07\/auto_r11563635383.jpg 900w\" sizes=\"auto, (max-width: 300px) 100vw, 300px\" \/><\/a><\/p>\n","protected":false},"excerpt":{"rendered":"<p>Dor\u00ebheqja e kryeministrit kosovar, Ramush Haradinaj, pasi thirrjes p\u00ebr t\u2019u marr\u00eb n\u00eb pyetje nga Gjykata e Hag\u00ebs, ka shkaktuar nj\u00eb val\u00eb reagimesh n\u00eb rrjetet sociale, duke u kthyer n\u00eb kryefjal\u00ebn e 24 or\u00ebve t\u00eb fundit. Duke besuar fort te pafaj\u00ebsia e Haradinajt, e provuar m\u00eb par\u00eb edhe nga vet\u00eb Gjykata e Hag\u00ebs, shqiptar\u00ebt nuk len\u00eb [&hellip;]<\/p>\n","protected":false},"author":2013,"featured_media":97577,"comment_status":"open","ping_status":"closed","sticky":false,"template":"","format":"standard","meta":{"footnotes":""},"categories":[241,235],"tags":[],"class_list":{"0":"post-97552","1":"post","2":"type-post","3":"status-publish","4":"format-standard","5":"has-post-thumbnail","7":"category-aktualitet","8":"category-vendi"},"_links":{"self":[{"href":"https:\/\/zjarr.tv\/sq\/wp-json\/wp\/v2\/posts\/97552","targetHints":{"allow":["GET"]}}],"collection":[{"href":"https:\/\/zjarr.tv\/sq\/wp-json\/wp\/v2\/posts"}],"about":[{"href":"https:\/\/zjarr.tv\/sq\/wp-json\/wp\/v2\/types\/post"}],"author":[{"embeddable":true,"href":"https:\/\/zjarr.tv\/sq\/wp-json\/wp\/v2\/users\/2013"}],"replies":[{"embeddable":true,"href":"https:\/\/zjarr.tv\/sq\/wp-json\/wp\/v2\/comments?post=97552"}],"version-history":[{"count":0,"href":"https:\/\/zjarr.tv\/sq\/wp-json\/wp\/v2\/posts\/97552\/revisions"}],"wp:featuredmedia":[{"embeddable":true,"href":"https:\/\/zjarr.tv\/sq\/wp-json\/wp\/v2\/media\/97577"}],"wp:attachment":[{"href":"https:\/\/zjarr.tv\/sq\/wp-json\/wp\/v2\/media?parent=97552"}],"wp:term":[{"taxonomy":"category","embeddable":true,"href":"https:\/\/zjarr.tv\/sq\/wp-json\/wp\/v2\/categories?post=97552"},{"taxonomy":"post_tag","embeddable":true,"href":"https:\/\/zjarr.tv\/sq\/wp-json\/wp\/v2\/tags?post=97552"}],"curies":[{"name":"wp","href":"https:\/\/api.w.org\/{rel}","templated":true}]}}