{"id":97581,"date":"2019-07-20T17:52:54","date_gmt":"2019-07-20T15:52:54","guid":{"rendered":"https:\/\/zjarr.tv\/?p=97581"},"modified":"2019-07-20T17:52:54","modified_gmt":"2019-07-20T15:52:54","slug":"edhe-princ-leka-ne-krah-te-ramushit-familja-haradinaj-shembull-frymezimi-per-gjithe-politikanet-shqiptare","status":"publish","type":"post","link":"https:\/\/zjarr.tv\/sq\/edhe-princ-leka-ne-krah-te-ramushit-familja-haradinaj-shembull-frymezimi-per-gjithe-politikanet-shqiptare\/","title":{"rendered":"Edhe Princ Leka n\u00eb krah t\u00eb Ramushit\/ &#8216;Familja Haradinaj, shembull frym\u00ebzimi p\u00ebr gjith\u00eb politikan\u00ebt shqiptar\u00eb"},"content":{"rendered":"<p>Edhe trash\u00ebgimtari i fronit mbret\u00ebror, Princ Leka II reagon pas dor\u00ebheqjes s\u00eb Ramush Haradinajt dhe thirrjes s\u00eb tij n\u00eb Gjykat\u00ebn e Hag\u00ebs.<\/p>\n<p>P\u00ebrmes nj\u00eb postimi n\u00eb rrjetet sociale, Leka Zogu shpreh konsiderat\u00ebn e tij t\u00eb thell\u00eb p\u00ebr familjen Haradinaj, nd\u00ebrsa shton se, me p\u00ebrmasat e saj komb\u00ebtare, ajo \u00ebsht\u00eb shembull frym\u00ebzimi p\u00ebr t\u00eb gjith\u00eb politikan\u00ebt shqiptar\u00eb.<\/p>\n<p>Si gjithnje trimeria dhe guximi ka qene dhe eshte tipari me dallues i Familjes Haradinaj dhe kur bashkohen me men\u00e7urine i japin asaj permasa kombetare, madje edhe me gjere, duke u bere shembull frymezimi per gjithe politikanet shqiptare kudo qe ata ndodhen.<\/p>\n<p>Krenohemi me ty Ramush dhe na rrit ndjenjen e pergjegjesise per detyrimet qe ka \u00e7do shqiptar per Atdheun dhe kombin e tij<\/p>\n<p>&nbsp;<\/p>\n","protected":false},"excerpt":{"rendered":"<p>Edhe trash\u00ebgimtari i fronit mbret\u00ebror, Princ Leka II reagon pas dor\u00ebheqjes s\u00eb Ramush Haradinajt dhe thirrjes s\u00eb tij n\u00eb Gjykat\u00ebn e Hag\u00ebs. P\u00ebrmes nj\u00eb postimi n\u00eb rrjetet sociale, Leka Zogu shpreh konsiderat\u00ebn e tij t\u00eb thell\u00eb p\u00ebr familjen Haradinaj, nd\u00ebrsa shton se, me p\u00ebrmasat e saj komb\u00ebtare, ajo \u00ebsht\u00eb shembull frym\u00ebzimi p\u00ebr t\u00eb gjith\u00eb politikan\u00ebt [&hellip;]<\/p>\n","protected":false},"author":2013,"featured_media":97582,"comment_status":"open","ping_status":"closed","sticky":false,"template":"","format":"standard","meta":{"footnotes":""},"categories":[241,235],"tags":[],"class_list":{"0":"post-97581","1":"post","2":"type-post","3":"status-publish","4":"format-standard","5":"has-post-thumbnail","7":"category-aktualitet","8":"category-vendi"},"_links":{"self":[{"href":"https:\/\/zjarr.tv\/sq\/wp-json\/wp\/v2\/posts\/97581","targetHints":{"allow":["GET"]}}],"collection":[{"href":"https:\/\/zjarr.tv\/sq\/wp-json\/wp\/v2\/posts"}],"about":[{"href":"https:\/\/zjarr.tv\/sq\/wp-json\/wp\/v2\/types\/post"}],"author":[{"embeddable":true,"href":"https:\/\/zjarr.tv\/sq\/wp-json\/wp\/v2\/users\/2013"}],"replies":[{"embeddable":true,"href":"https:\/\/zjarr.tv\/sq\/wp-json\/wp\/v2\/comments?post=97581"}],"version-history":[{"count":0,"href":"https:\/\/zjarr.tv\/sq\/wp-json\/wp\/v2\/posts\/97581\/revisions"}],"wp:featuredmedia":[{"embeddable":true,"href":"https:\/\/zjarr.tv\/sq\/wp-json\/wp\/v2\/media\/97582"}],"wp:attachment":[{"href":"https:\/\/zjarr.tv\/sq\/wp-json\/wp\/v2\/media?parent=97581"}],"wp:term":[{"taxonomy":"category","embeddable":true,"href":"https:\/\/zjarr.tv\/sq\/wp-json\/wp\/v2\/categories?post=97581"},{"taxonomy":"post_tag","embeddable":true,"href":"https:\/\/zjarr.tv\/sq\/wp-json\/wp\/v2\/tags?post=97581"}],"curies":[{"name":"wp","href":"https:\/\/api.w.org\/{rel}","templated":true}]}}