{"id":97587,"date":"2019-07-20T22:10:33","date_gmt":"2019-07-20T20:10:33","guid":{"rendered":"https:\/\/zjarr.tv\/?p=97587"},"modified":"2019-07-20T17:56:07","modified_gmt":"2019-07-20T15:56:07","slug":"denohet-aktorja-turke-per-fyerje-te-erdogan","status":"publish","type":"post","link":"https:\/\/zjarr.tv\/sq\/denohet-aktorja-turke-per-fyerje-te-erdogan\/","title":{"rendered":"D\u00ebnohet aktorja turke p\u00ebr fyerje t\u00eb Erdogan"},"content":{"rendered":"<p>Gjykata e Apelit n\u00eb Turqi d\u00ebnoi me 11 muaj dhe 20 dit\u00eb burg p\u00ebr aktoren dhe k\u00ebng\u00ebtaren Zuhal Olcay p\u00ebr fyerje t\u00eb Presidentit turk Rexhep Tajip Erdogan.<\/p>\n<p>Autoritetet filluan nj\u00eb hetim n\u00eb Olcay n\u00eb vitin 2016, pasi mor\u00ebn nj\u00eb ankes\u00eb se k\u00ebng\u00ebtarja ndryshoi tekstet e k\u00ebng\u00ebve dhe se p\u00ebrdori gjeste p\u00ebr t\u00eb fyer Erdogan n\u00eb nj\u00eb koncert n\u00eb Stamboll.<\/p>\n<p>N\u00eb tekstet e ndryshuara t\u00eb k\u00ebng\u00ebve ajo shprehej: &#8220;Rexhep Tajip Erdogan, \u00ebsht\u00eb bosh, \u00ebsht\u00eb g\u00ebnjesht\u00ebr. Jeta do t\u00eb mbaroj\u00eb nj\u00eb dit\u00eb dhe do t\u00eb thuash \u2018Un\u00eb kisha nj\u00eb \u00ebnd\u00ebrr\u2019.&#8221;<\/p>\n<p>N\u00eb d\u00ebshmin\u00eb e saj, Olcay u shpreh se ka ndryshoi tekstin sepse emri i presidentit p\u00ebrshtatej me rim\u00ebn.<\/p>\n<p>Prokuror\u00ebt k\u00ebrkuan d\u00ebnim 4-vje\u00e7ar p\u00ebr Olcay. Por nj\u00eb gjykat\u00eb n\u00eb Stamboll e d\u00ebnoi vitin e kaluar p\u00ebr 11 muaj dhe 20 dit\u00eb burg, por e pezulloi at\u00eb.<\/p>\n<p>Avokat\u00ebt e Erdoganit e apeluan vendimin, duke k\u00ebrkuar q\u00eb t\u00eb vihej n\u00eb fuqi vendimi p\u00ebr d\u00ebnimin e aktores.<\/p>\n<p>&nbsp;<\/p>\n","protected":false},"excerpt":{"rendered":"<p>Gjykata e Apelit n\u00eb Turqi d\u00ebnoi me 11 muaj dhe 20 dit\u00eb burg p\u00ebr aktoren dhe k\u00ebng\u00ebtaren Zuhal Olcay p\u00ebr fyerje t\u00eb Presidentit turk Rexhep Tajip Erdogan. Autoritetet filluan nj\u00eb hetim n\u00eb Olcay n\u00eb vitin 2016, pasi mor\u00ebn nj\u00eb ankes\u00eb se k\u00ebng\u00ebtarja ndryshoi tekstet e k\u00ebng\u00ebve dhe se p\u00ebrdori gjeste p\u00ebr t\u00eb fyer Erdogan n\u00eb [&hellip;]<\/p>\n","protected":false},"author":2013,"featured_media":97588,"comment_status":"open","ping_status":"closed","sticky":false,"template":"","format":"standard","meta":{"footnotes":""},"categories":[241,193],"tags":[],"class_list":{"0":"post-97587","1":"post","2":"type-post","3":"status-publish","4":"format-standard","5":"has-post-thumbnail","7":"category-aktualitet","8":"category-showbiz"},"_links":{"self":[{"href":"https:\/\/zjarr.tv\/sq\/wp-json\/wp\/v2\/posts\/97587","targetHints":{"allow":["GET"]}}],"collection":[{"href":"https:\/\/zjarr.tv\/sq\/wp-json\/wp\/v2\/posts"}],"about":[{"href":"https:\/\/zjarr.tv\/sq\/wp-json\/wp\/v2\/types\/post"}],"author":[{"embeddable":true,"href":"https:\/\/zjarr.tv\/sq\/wp-json\/wp\/v2\/users\/2013"}],"replies":[{"embeddable":true,"href":"https:\/\/zjarr.tv\/sq\/wp-json\/wp\/v2\/comments?post=97587"}],"version-history":[{"count":0,"href":"https:\/\/zjarr.tv\/sq\/wp-json\/wp\/v2\/posts\/97587\/revisions"}],"wp:featuredmedia":[{"embeddable":true,"href":"https:\/\/zjarr.tv\/sq\/wp-json\/wp\/v2\/media\/97588"}],"wp:attachment":[{"href":"https:\/\/zjarr.tv\/sq\/wp-json\/wp\/v2\/media?parent=97587"}],"wp:term":[{"taxonomy":"category","embeddable":true,"href":"https:\/\/zjarr.tv\/sq\/wp-json\/wp\/v2\/categories?post=97587"},{"taxonomy":"post_tag","embeddable":true,"href":"https:\/\/zjarr.tv\/sq\/wp-json\/wp\/v2\/tags?post=97587"}],"curies":[{"name":"wp","href":"https:\/\/api.w.org\/{rel}","templated":true}]}}