{"id":97594,"date":"2019-07-20T18:01:30","date_gmt":"2019-07-20T16:01:30","guid":{"rendered":"https:\/\/zjarr.tv\/?p=97594"},"modified":"2019-07-20T18:01:30","modified_gmt":"2019-07-20T16:01:30","slug":"po-edita-tahirin-kur-do-ta-arrestoni-ja-pergjigja-e-ish-ministres-kosovare-per-nderkombetaret-dhe-kufijte","status":"publish","type":"post","link":"https:\/\/zjarr.tv\/sq\/po-edita-tahirin-kur-do-ta-arrestoni-ja-pergjigja-e-ish-ministres-kosovare-per-nderkombetaret-dhe-kufijte\/","title":{"rendered":"\u2018Po Edita Tahirin kur do ta arrestoni\u2019\/ Ja p\u00ebrgjigja e ish-ministres kosovare p\u00ebr nd\u00ebrkomb\u00ebtar\u00ebt dhe kufijt\u00eb"},"content":{"rendered":"<p>Ish-ministrja e Jashtme e Kosov\u00ebs, Edita Tahiri, n\u00eb nj\u00eb sh\u00ebnim n\u00eb fb nd\u00ebrsa komenton dor\u00ebheqjen e kryeministrit Haradinaj, i kthen p\u00ebrgjigje edhe statusit t\u00eb n\u00ebnkryetarit t\u00eb LSI-s\u00eb, Petrit q\u00eb me ironi pyet nd\u00ebrkomb\u00ebtar\u00ebt se kur do ta arrestojn\u00eb edhe Tahirin pasi edhe kjo e fundit ashtu si Ramushi apo Jakup Krasniqi kan\u00eb mbrojtur territorin e pandryshuesh\u00ebm t\u00eb Kosov\u00ebs.<\/p>\n<p>\u2018Kufijte e Kosoves i mbrojme me te gjitha mjetet, ashtu sikurse qe i kemi fituar pas 100 vjet lufte. Askush nuk guxon me i prek, e kemi detyrim ti mbrojme sepse mbrojme punen tone, gjakun e te reneve dhe te drejten tone kombetare te konfirmuar nga Gjykata nderkombetare per drejtesi qe dha verdiktin se pavaresia e Kosoves eshte e ligjshme dhe legjitime\u2019, shkruan Tahiri.<\/p>\n<p>&nbsp;<\/p>\n","protected":false},"excerpt":{"rendered":"<p>Ish-ministrja e Jashtme e Kosov\u00ebs, Edita Tahiri, n\u00eb nj\u00eb sh\u00ebnim n\u00eb fb nd\u00ebrsa komenton dor\u00ebheqjen e kryeministrit Haradinaj, i kthen p\u00ebrgjigje edhe statusit t\u00eb n\u00ebnkryetarit t\u00eb LSI-s\u00eb, Petrit q\u00eb me ironi pyet nd\u00ebrkomb\u00ebtar\u00ebt se kur do ta arrestojn\u00eb edhe Tahirin pasi edhe kjo e fundit ashtu si Ramushi apo Jakup Krasniqi kan\u00eb mbrojtur territorin e [&hellip;]<\/p>\n","protected":false},"author":2013,"featured_media":71906,"comment_status":"open","ping_status":"closed","sticky":false,"template":"","format":"standard","meta":{"footnotes":""},"categories":[241,235],"tags":[],"class_list":{"0":"post-97594","1":"post","2":"type-post","3":"status-publish","4":"format-standard","5":"has-post-thumbnail","7":"category-aktualitet","8":"category-vendi"},"_links":{"self":[{"href":"https:\/\/zjarr.tv\/sq\/wp-json\/wp\/v2\/posts\/97594","targetHints":{"allow":["GET"]}}],"collection":[{"href":"https:\/\/zjarr.tv\/sq\/wp-json\/wp\/v2\/posts"}],"about":[{"href":"https:\/\/zjarr.tv\/sq\/wp-json\/wp\/v2\/types\/post"}],"author":[{"embeddable":true,"href":"https:\/\/zjarr.tv\/sq\/wp-json\/wp\/v2\/users\/2013"}],"replies":[{"embeddable":true,"href":"https:\/\/zjarr.tv\/sq\/wp-json\/wp\/v2\/comments?post=97594"}],"version-history":[{"count":0,"href":"https:\/\/zjarr.tv\/sq\/wp-json\/wp\/v2\/posts\/97594\/revisions"}],"wp:featuredmedia":[{"embeddable":true,"href":"https:\/\/zjarr.tv\/sq\/wp-json\/wp\/v2\/media\/71906"}],"wp:attachment":[{"href":"https:\/\/zjarr.tv\/sq\/wp-json\/wp\/v2\/media?parent=97594"}],"wp:term":[{"taxonomy":"category","embeddable":true,"href":"https:\/\/zjarr.tv\/sq\/wp-json\/wp\/v2\/categories?post=97594"},{"taxonomy":"post_tag","embeddable":true,"href":"https:\/\/zjarr.tv\/sq\/wp-json\/wp\/v2\/tags?post=97594"}],"curies":[{"name":"wp","href":"https:\/\/api.w.org\/{rel}","templated":true}]}}