{"id":97600,"date":"2019-07-20T18:07:05","date_gmt":"2019-07-20T16:07:05","guid":{"rendered":"https:\/\/zjarr.tv\/?p=97600"},"modified":"2019-07-20T18:07:05","modified_gmt":"2019-07-20T16:07:05","slug":"media-serbe-ja-pse-macron-coi-haradinajn-ne-hage","status":"publish","type":"post","link":"https:\/\/zjarr.tv\/sq\/media-serbe-ja-pse-macron-coi-haradinajn-ne-hage\/","title":{"rendered":"Media serbe: Ja pse Macron \u00e7oi Haradinajn n\u00eb Hag\u00eb!"},"content":{"rendered":"<p>Nj\u00eb nd\u00ebr mediat m\u00eb t\u00eb m\u00ebdha serbe \u201cKurir\u201d e ka hapur gazet\u00ebn print dit\u00ebn e shtun\u00eb me titullin kryesor \u201cMacron \u00e7on Haradinajn n\u00eb Hag\u00eb\u201d.<\/p>\n<p>Media serbe, duke pyetur edhe disa analist\u00eb e diplomat\u00eb serb, i ka b\u00ebr\u00eb nj\u00eb analiz\u00eb situat\u00ebs n\u00eb Kosov\u00eb, dhe dor\u00ebheqjes s\u00eb Haradinajt.<\/p>\n<p>Sipas \u201cKurir\u201d arsyeja q\u00eb Haradinaj ka dh\u00ebn\u00eb dor\u00ebheqje jan\u00eb pik\u00ebrisht faktor\u00ebt nd\u00ebrkomb\u00ebtar, t\u00eb cil\u00ebt e kan\u00eb detyruar kryeministrin ta marr\u00eb k\u00ebt\u00eb hap, p\u00ebr shkak se Haradinaj ka kund\u00ebrshtuar heqjen e taks\u00ebs 100% ndaj mallrave serbe, taks\u00eb kjo e cila ka bllokuar dialogun mes Kosov\u00ebs dhe Serbis\u00eb, shkruan Dritare.net<\/p>\n<p>\u201cLe t\u00eb kujtojm\u00eb, Presidenti francez premtoi gjat\u00eb q\u00ebndrimit t\u00eb tij n\u00eb Beograd se ai do t\u00eb b\u00ebnte gjith\u00e7ka p\u00ebr t\u00eb mbajtur dialogun.<\/p>\n<p>Analisti politik Dejan Vuk Stankovi\u00e7 thot\u00eb se dor\u00ebheqja e Haradinajt ka hequr penges\u00ebn p\u00ebr vazhdimin e dialogut midis Beogradit dhe Prishtin\u00ebs.\u201d-shkruan Kurir, transmeton Dritare.net.<\/p>\n<p>\u201cDor\u00ebheqja e Ramush Haradinajt dhe thirrja n\u00eb Hag\u00eb jan\u00eb n\u00eb fakt nj\u00eb presion mbi at\u00eb q\u00eb erdhi nga Uashingtoni p\u00ebr t\u00eb shfuqizuar taks\u00ebn dhe p\u00ebr t\u00eb vazhduar negociatat.\u201d-shkruan m\u00eb tej media serbe.<\/p>\n<p>\u201cDiplomati Zoran Milivojevi\u00e7 thot\u00eb se dialogu tani mund t\u00eb zhbllokohet dhe se nuk p\u00ebrjashton mund\u00ebsin\u00eb q\u00eb Per\u00ebndimi t\u00eb ket\u00eb hequr Haradinajn nga ky veprim.<\/p>\n<p>\u2013 Duke dh\u00ebn\u00eb dor\u00ebheqjen, dialogu mund t\u00eb zhbllokohet. \u00cbsht\u00eb e mundur q\u00eb Per\u00ebndimi, duke mbajtur nj\u00eb linj\u00eb t\u00eb v\u00ebshtir\u00eb, eliminoi Haradinajn me k\u00ebt\u00eb n\u00eb m\u00ebnyr\u00eb q\u00eb ta zhbllokoj\u00eb dialogun \u2013 thot\u00eb Milivojevi\u00e7.\u201d.<\/p>\n<p>&nbsp;<\/p>\n","protected":false},"excerpt":{"rendered":"<p>Nj\u00eb nd\u00ebr mediat m\u00eb t\u00eb m\u00ebdha serbe \u201cKurir\u201d e ka hapur gazet\u00ebn print dit\u00ebn e shtun\u00eb me titullin kryesor \u201cMacron \u00e7on Haradinajn n\u00eb Hag\u00eb\u201d. Media serbe, duke pyetur edhe disa analist\u00eb e diplomat\u00eb serb, i ka b\u00ebr\u00eb nj\u00eb analiz\u00eb situat\u00ebs n\u00eb Kosov\u00eb, dhe dor\u00ebheqjes s\u00eb Haradinajt. Sipas \u201cKurir\u201d arsyeja q\u00eb Haradinaj ka dh\u00ebn\u00eb dor\u00ebheqje jan\u00eb [&hellip;]<\/p>\n","protected":false},"author":2013,"featured_media":97601,"comment_status":"open","ping_status":"closed","sticky":false,"template":"","format":"standard","meta":{"footnotes":""},"categories":[241,235],"tags":[],"class_list":{"0":"post-97600","1":"post","2":"type-post","3":"status-publish","4":"format-standard","5":"has-post-thumbnail","7":"category-aktualitet","8":"category-vendi"},"_links":{"self":[{"href":"https:\/\/zjarr.tv\/sq\/wp-json\/wp\/v2\/posts\/97600","targetHints":{"allow":["GET"]}}],"collection":[{"href":"https:\/\/zjarr.tv\/sq\/wp-json\/wp\/v2\/posts"}],"about":[{"href":"https:\/\/zjarr.tv\/sq\/wp-json\/wp\/v2\/types\/post"}],"author":[{"embeddable":true,"href":"https:\/\/zjarr.tv\/sq\/wp-json\/wp\/v2\/users\/2013"}],"replies":[{"embeddable":true,"href":"https:\/\/zjarr.tv\/sq\/wp-json\/wp\/v2\/comments?post=97600"}],"version-history":[{"count":0,"href":"https:\/\/zjarr.tv\/sq\/wp-json\/wp\/v2\/posts\/97600\/revisions"}],"wp:featuredmedia":[{"embeddable":true,"href":"https:\/\/zjarr.tv\/sq\/wp-json\/wp\/v2\/media\/97601"}],"wp:attachment":[{"href":"https:\/\/zjarr.tv\/sq\/wp-json\/wp\/v2\/media?parent=97600"}],"wp:term":[{"taxonomy":"category","embeddable":true,"href":"https:\/\/zjarr.tv\/sq\/wp-json\/wp\/v2\/categories?post=97600"},{"taxonomy":"post_tag","embeddable":true,"href":"https:\/\/zjarr.tv\/sq\/wp-json\/wp\/v2\/tags?post=97600"}],"curies":[{"name":"wp","href":"https:\/\/api.w.org\/{rel}","templated":true}]}}