{"id":97625,"date":"2019-07-21T11:57:26","date_gmt":"2019-07-21T09:57:26","guid":{"rendered":"https:\/\/zjarr.tv\/?p=97625"},"modified":"2019-07-21T11:57:26","modified_gmt":"2019-07-21T09:57:26","slug":"referendum-per-teatrin-malltezi-ta-bejme-vete-si-rilindja-votimet-moniste-te-30-qershorit","status":"publish","type":"post","link":"https:\/\/zjarr.tv\/sq\/referendum-per-teatrin-malltezi-ta-bejme-vete-si-rilindja-votimet-moniste-te-30-qershorit\/","title":{"rendered":"Referendum p\u00ebr Teatrin\/ Malltezi: Ta b\u00ebjm\u00eb vet\u00eb, si Rilindja votimet moniste t\u00eb 30 Qershorit"},"content":{"rendered":"<p>Teksa KQZ refuzoi 50 mij\u00eb firmat q\u00eb k\u00ebrkonin referendum qytetar p\u00ebr \u00e7\u00ebshtjen e godin\u00ebs s\u00eb Teatrit Komb\u00ebtar, an\u00ebtari i Kryesis\u00eb s\u00eb PD, nj\u00ebherazi drejtues i Departamentit p\u00ebr Mjedisin, Jamarb\u00ebr Malltezi, del me nj\u00eb \u2018sygjerim\u2019 t\u00eb ri.<\/p>\n<p>Duke iu referuar votimeve monopartiake t\u00eb 30 qershorit, q\u00eb Rilindja i organizoi vet\u00eb, Malltezi propozon q\u00eb edhe referendumi p\u00ebr Teatrin t\u00eb organizohet vet\u00eb nga qytetar\u00ebt.<\/p>\n<p>Ja postimi i plot\u00eb i Jamarb\u00ebr Malltezit:<\/p>\n<p>Referendum per Teatrin! Ka mbi nje vit qe mbrohet me vendosmeri dhe dinjitet nje vlere unikale, nje arkitekture unike me histori te vecante, dhe njeheresh nje toke publike me histori shume dinjitoze nga familjet e vjetra pronare qe e vune ne dispozicion te teatrit. Ka ardhur hajduti i madh dhe don ta vjedhe, ta shkaterroje kete vlere publike ngritur ne toke publike vetem per ca miliona me shume (qe mos u ngopte kurre!).<\/p>\n<p>Mbi 50,000 firma u mblodhen per peticionin, pra u tejkalua kerkesa kushtetuese per referendum, dhe ftoj miqte organizatore te perballjes te shpallin daten apo datat e referendumit dhe te gjithe te interesuarit te zgjedhin \u201cPo\u201d ose \u201cJo\u201d tek pyetja \u201cA doni te prishet Teatri per ca qerratallare?\u201d<\/p>\n<p>Pelivanlleqet dhe pacacuret e bibave ne kqz na treguan qe nuk keni nevoje per asgje tjeter por organizojeni vete referendumin njelloj si hajduti i madh qe organizoi votime moniste per qef apo per hall te vet.\u00a0#perballje<\/p>\n<p>&nbsp;<\/p>\n","protected":false},"excerpt":{"rendered":"<p>Teksa KQZ refuzoi 50 mij\u00eb firmat q\u00eb k\u00ebrkonin referendum qytetar p\u00ebr \u00e7\u00ebshtjen e godin\u00ebs s\u00eb Teatrit Komb\u00ebtar, an\u00ebtari i Kryesis\u00eb s\u00eb PD, nj\u00ebherazi drejtues i Departamentit p\u00ebr Mjedisin, Jamarb\u00ebr Malltezi, del me nj\u00eb \u2018sygjerim\u2019 t\u00eb ri. Duke iu referuar votimeve monopartiake t\u00eb 30 qershorit, q\u00eb Rilindja i organizoi vet\u00eb, Malltezi propozon q\u00eb edhe referendumi p\u00ebr [&hellip;]<\/p>\n","protected":false},"author":2013,"featured_media":97626,"comment_status":"open","ping_status":"closed","sticky":false,"template":"","format":"standard","meta":{"footnotes":""},"categories":[241,235],"tags":[],"class_list":{"0":"post-97625","1":"post","2":"type-post","3":"status-publish","4":"format-standard","5":"has-post-thumbnail","7":"category-aktualitet","8":"category-vendi"},"_links":{"self":[{"href":"https:\/\/zjarr.tv\/sq\/wp-json\/wp\/v2\/posts\/97625","targetHints":{"allow":["GET"]}}],"collection":[{"href":"https:\/\/zjarr.tv\/sq\/wp-json\/wp\/v2\/posts"}],"about":[{"href":"https:\/\/zjarr.tv\/sq\/wp-json\/wp\/v2\/types\/post"}],"author":[{"embeddable":true,"href":"https:\/\/zjarr.tv\/sq\/wp-json\/wp\/v2\/users\/2013"}],"replies":[{"embeddable":true,"href":"https:\/\/zjarr.tv\/sq\/wp-json\/wp\/v2\/comments?post=97625"}],"version-history":[{"count":0,"href":"https:\/\/zjarr.tv\/sq\/wp-json\/wp\/v2\/posts\/97625\/revisions"}],"wp:featuredmedia":[{"embeddable":true,"href":"https:\/\/zjarr.tv\/sq\/wp-json\/wp\/v2\/media\/97626"}],"wp:attachment":[{"href":"https:\/\/zjarr.tv\/sq\/wp-json\/wp\/v2\/media?parent=97625"}],"wp:term":[{"taxonomy":"category","embeddable":true,"href":"https:\/\/zjarr.tv\/sq\/wp-json\/wp\/v2\/categories?post=97625"},{"taxonomy":"post_tag","embeddable":true,"href":"https:\/\/zjarr.tv\/sq\/wp-json\/wp\/v2\/tags?post=97625"}],"curies":[{"name":"wp","href":"https:\/\/api.w.org\/{rel}","templated":true}]}}