{"id":97628,"date":"2019-07-21T11:58:42","date_gmt":"2019-07-21T09:58:42","guid":{"rendered":"https:\/\/zjarr.tv\/?p=97628"},"modified":"2019-07-21T11:58:42","modified_gmt":"2019-07-21T09:58:42","slug":"shtohen-thirrjet-nga-gjykata-speciale-per-ish-drejtues-te-uck-se-kujt-i-jane-derguar","status":"publish","type":"post","link":"https:\/\/zjarr.tv\/sq\/shtohen-thirrjet-nga-gjykata-speciale-per-ish-drejtues-te-uck-se-kujt-i-jane-derguar\/","title":{"rendered":"Shtohen thirrjet nga Gjykata Speciale p\u00ebr ish drejtues t\u00eb U\u00c7K-s\u00eb\/ Kujt i jan\u00eb d\u00ebrguar?"},"content":{"rendered":"<p>Thirrjet p\u00ebr ish drejtuesit dhe ish pjes\u00ebtar\u00ebt e Ushtris\u00eb \u00c7lirimtare t\u00eb Kosov\u00ebs po shtohen dita dit\u00ebs.<\/p>\n<p>T\u00eb premten, p\u00ebrve\u00e7 kryeministrit t\u00eb dor\u00ebhequr Ramush Haradinajt dhe k\u00ebshilltarit t\u00eb presidentit Hashim Tha\u00e7i, Bislim Zyrapi, dhe ish kryetarit t\u00eb Komun\u00ebs s\u00eb Klin\u00ebs, Sokol Bashota, u p\u00ebrfol edhe p\u00ebr ftesa t\u00eb tjera q\u00eb tashm\u00eb kan\u00eb arritur n\u00eb Kosov\u00eb.<\/p>\n<p>Edhe vet\u00eb presidenti i vendit e pohoi se edhe drejtues\u00eb t\u00eb tjer\u00eb t\u00eb U\u00c7K-s\u00eb jan\u00eb ftuar nga Gjykata Speciale.<\/p>\n<p>Nj\u00eb dit\u00eb m\u00eb von\u00eb, n\u00eb Organizat\u00ebn e Veteran\u00ebve t\u00eb Luft\u00ebs s\u00eb U\u00c7K-s\u00eb pohojn\u00eb se ka shum\u00eb ftesa p\u00ebr ish ushtar\u00eb t\u00eb U\u00c7K-s\u00eb, transmeton televizioni T7.<\/p>\n<p>Hysni Gucati nga kjo organizat\u00eb, thot\u00eb se nuk p\u00ebrjashtohen as ish komandant\u00ebt por nuk p\u00ebrmend emra.<\/p>\n<p>Ai tregon se p\u00ebr disa ftesa njoftohen paraprakisht.<\/p>\n<p>Edhe deputeti i Kuvendit t\u00eb Kosov\u00ebs, Milaim Zeka thot\u00eb se n\u00eb list\u00eb jan\u00eb shum\u00eb zyrtar\u00eb tjer\u00eb t\u00eb shtetit.<\/p>\n","protected":false},"excerpt":{"rendered":"<p>Thirrjet p\u00ebr ish drejtuesit dhe ish pjes\u00ebtar\u00ebt e Ushtris\u00eb \u00c7lirimtare t\u00eb Kosov\u00ebs po shtohen dita dit\u00ebs. T\u00eb premten, p\u00ebrve\u00e7 kryeministrit t\u00eb dor\u00ebhequr Ramush Haradinajt dhe k\u00ebshilltarit t\u00eb presidentit Hashim Tha\u00e7i, Bislim Zyrapi, dhe ish kryetarit t\u00eb Komun\u00ebs s\u00eb Klin\u00ebs, Sokol Bashota, u p\u00ebrfol edhe p\u00ebr ftesa t\u00eb tjera q\u00eb tashm\u00eb kan\u00eb arritur n\u00eb Kosov\u00eb. Edhe [&hellip;]<\/p>\n","protected":false},"author":2013,"featured_media":97629,"comment_status":"open","ping_status":"closed","sticky":false,"template":"","format":"standard","meta":{"footnotes":""},"categories":[241,2],"tags":[],"class_list":{"0":"post-97628","1":"post","2":"type-post","3":"status-publish","4":"format-standard","5":"has-post-thumbnail","7":"category-aktualitet","8":"category-rajoni"},"_links":{"self":[{"href":"https:\/\/zjarr.tv\/sq\/wp-json\/wp\/v2\/posts\/97628","targetHints":{"allow":["GET"]}}],"collection":[{"href":"https:\/\/zjarr.tv\/sq\/wp-json\/wp\/v2\/posts"}],"about":[{"href":"https:\/\/zjarr.tv\/sq\/wp-json\/wp\/v2\/types\/post"}],"author":[{"embeddable":true,"href":"https:\/\/zjarr.tv\/sq\/wp-json\/wp\/v2\/users\/2013"}],"replies":[{"embeddable":true,"href":"https:\/\/zjarr.tv\/sq\/wp-json\/wp\/v2\/comments?post=97628"}],"version-history":[{"count":0,"href":"https:\/\/zjarr.tv\/sq\/wp-json\/wp\/v2\/posts\/97628\/revisions"}],"wp:featuredmedia":[{"embeddable":true,"href":"https:\/\/zjarr.tv\/sq\/wp-json\/wp\/v2\/media\/97629"}],"wp:attachment":[{"href":"https:\/\/zjarr.tv\/sq\/wp-json\/wp\/v2\/media?parent=97628"}],"wp:term":[{"taxonomy":"category","embeddable":true,"href":"https:\/\/zjarr.tv\/sq\/wp-json\/wp\/v2\/categories?post=97628"},{"taxonomy":"post_tag","embeddable":true,"href":"https:\/\/zjarr.tv\/sq\/wp-json\/wp\/v2\/tags?post=97628"}],"curies":[{"name":"wp","href":"https:\/\/api.w.org\/{rel}","templated":true}]}}