{"id":97634,"date":"2019-07-21T12:02:00","date_gmt":"2019-07-21T10:02:00","guid":{"rendered":"https:\/\/zjarr.tv\/?p=97634"},"modified":"2019-07-21T12:02:00","modified_gmt":"2019-07-21T10:02:00","slug":"operacion-i-madh-itali-shqiperi-17-persona-ne-pranga","status":"publish","type":"post","link":"https:\/\/zjarr.tv\/sq\/operacion-i-madh-itali-shqiperi-17-persona-ne-pranga\/","title":{"rendered":"Operacion i madh Itali-Shqip\u00ebri, 17 persona n\u00eb pranga"},"content":{"rendered":"<p>Q\u00eb n\u00eb or\u00ebt e para t\u00eb m\u00ebngjesit t\u00eb dit\u00ebs s\u00eb sotme, policia italiane ka nisur nj\u00eb operacion kund\u00ebr trafikut t\u00eb drog\u00ebs.<\/p>\n<p>P\u00ebrve\u00e7 arrestimeve n\u00eb Sardenja, arrestime m\u00ebsohet se jan\u00eb b\u00ebr\u00eb edhe n\u00eb Shqip\u00ebri.<\/p>\n<p>Gjat\u00eb operacionit policor t\u00eb koduar \u2018Rruga e Detit\u2019, karabinier\u00ebt e Sasarit kan\u00eb b\u00ebr\u00eb arrestimin e 17 personave, shqiptar\u00eb dhe italian\u00eb.<\/p>\n<p>T\u00eb arrestuar akuzohen p\u00ebr organizat\u00eb kriminale, trafik nd\u00ebrkomb\u00ebtar droge, shp\u00ebrndarje droge, etj.<\/p>\n<p>Hetimet jan\u00eb b\u00ebr\u00eb nga nj\u00ebsia e karabinier\u00ebve n\u00eb Olbia me koordinimin e drejtoris\u00eb s\u00eb Antimafias n\u00eb Kaljari, q\u00eb ka drejtuar t\u00eb gjith\u00eb pun\u00ebn hetimore.<\/p>\n<p>&nbsp;<\/p>\n","protected":false},"excerpt":{"rendered":"<p>Q\u00eb n\u00eb or\u00ebt e para t\u00eb m\u00ebngjesit t\u00eb dit\u00ebs s\u00eb sotme, policia italiane ka nisur nj\u00eb operacion kund\u00ebr trafikut t\u00eb drog\u00ebs. P\u00ebrve\u00e7 arrestimeve n\u00eb Sardenja, arrestime m\u00ebsohet se jan\u00eb b\u00ebr\u00eb edhe n\u00eb Shqip\u00ebri. Gjat\u00eb operacionit policor t\u00eb koduar \u2018Rruga e Detit\u2019, karabinier\u00ebt e Sasarit kan\u00eb b\u00ebr\u00eb arrestimin e 17 personave, shqiptar\u00eb dhe italian\u00eb. T\u00eb arrestuar [&hellip;]<\/p>\n","protected":false},"author":2013,"featured_media":94142,"comment_status":"open","ping_status":"closed","sticky":false,"template":"","format":"standard","meta":{"footnotes":""},"categories":[241,235],"tags":[],"class_list":{"0":"post-97634","1":"post","2":"type-post","3":"status-publish","4":"format-standard","5":"has-post-thumbnail","7":"category-aktualitet","8":"category-vendi"},"_links":{"self":[{"href":"https:\/\/zjarr.tv\/sq\/wp-json\/wp\/v2\/posts\/97634","targetHints":{"allow":["GET"]}}],"collection":[{"href":"https:\/\/zjarr.tv\/sq\/wp-json\/wp\/v2\/posts"}],"about":[{"href":"https:\/\/zjarr.tv\/sq\/wp-json\/wp\/v2\/types\/post"}],"author":[{"embeddable":true,"href":"https:\/\/zjarr.tv\/sq\/wp-json\/wp\/v2\/users\/2013"}],"replies":[{"embeddable":true,"href":"https:\/\/zjarr.tv\/sq\/wp-json\/wp\/v2\/comments?post=97634"}],"version-history":[{"count":0,"href":"https:\/\/zjarr.tv\/sq\/wp-json\/wp\/v2\/posts\/97634\/revisions"}],"wp:featuredmedia":[{"embeddable":true,"href":"https:\/\/zjarr.tv\/sq\/wp-json\/wp\/v2\/media\/94142"}],"wp:attachment":[{"href":"https:\/\/zjarr.tv\/sq\/wp-json\/wp\/v2\/media?parent=97634"}],"wp:term":[{"taxonomy":"category","embeddable":true,"href":"https:\/\/zjarr.tv\/sq\/wp-json\/wp\/v2\/categories?post=97634"},{"taxonomy":"post_tag","embeddable":true,"href":"https:\/\/zjarr.tv\/sq\/wp-json\/wp\/v2\/tags?post=97634"}],"curies":[{"name":"wp","href":"https:\/\/api.w.org\/{rel}","templated":true}]}}