{"id":97641,"date":"2019-07-21T12:07:09","date_gmt":"2019-07-21T10:07:09","guid":{"rendered":"https:\/\/zjarr.tv\/?p=97641"},"modified":"2019-07-21T12:07:09","modified_gmt":"2019-07-21T10:07:09","slug":"arrestohet-serbi-dyshohet-per-krime-lufte-ne-lipjan","status":"publish","type":"post","link":"https:\/\/zjarr.tv\/sq\/arrestohet-serbi-dyshohet-per-krime-lufte-ne-lipjan\/","title":{"rendered":"Arrestohet serbi, dyshohet p\u00ebr krime lufte n\u00eb Lipjan"},"content":{"rendered":"<p>Prokuroria Speciale e Kosov\u00ebs ka njoftuar se \u00ebsht\u00eb arrestuar nj\u00eb serb n\u00ebn dyshimet p\u00ebr krime lufte kund\u00ebr popullsis\u00eb civile n\u00eb komun\u00ebn e Lipjanit.<\/p>\n<p>N\u00eb t\u00eb nj\u00ebjt\u00ebn koh\u00eb, Prokuroria k\u00ebrkoi nga Gjykata Themelore n\u00eb Prishtin\u00eb mas\u00ebn e paraburgimit p\u00ebr personin me inicialet G.S.<\/p>\n<p>N\u00eb njoftimin e prokuroris\u00eb thuhet se \u201cekziston dyshimi i bazuar, se i dyshuari m\u00eb 15 dhe 16 prill t\u00eb vitit 1999, se bashku me t\u00eb dyshuar t\u00eb tjer\u00eb, pjes\u00ebtar\u00eb t\u00eb nj\u00ebsive rezerv\u00eb t\u00eb ushtris\u00eb dhe policis\u00eb serbe, gjat\u00eb nj\u00eb ofenzive kund\u00ebr popullsis\u00eb civile n\u00eb komun\u00ebn e Lipjanit dhe rrethin\u00eb, p\u00ebrmes p\u00ebrdorimit e forc\u00ebs ushtarake, pla\u00e7kitjes, dhun\u00ebs dhe frik\u00ebsimit, i kan\u00eb d\u00ebbuar popullsin\u00eb civile nga sht\u00ebpit\u00eb e tyre, pastaj nga familjet t\u00eb cilat po p\u00ebrpiqeshin t\u00eb largohen. T\u00eb pandehurit, i kan\u00eb ndar\u00eb dhjetra persona, t\u00eb cil\u00ebt m\u00eb pas i kan\u00eb vrar\u00eb\u201d.<\/p>\n<p>Mbi baz\u00ebn e k\u00ebtyre veprimeve, Prokuroria Speciale, ka ngritur akuz\u00ebn p\u00ebr &#8220;krime lufte ndaj popullsis\u00eb civile&#8221;.<\/p>\n<p>&nbsp;<\/p>\n","protected":false},"excerpt":{"rendered":"<p>Prokuroria Speciale e Kosov\u00ebs ka njoftuar se \u00ebsht\u00eb arrestuar nj\u00eb serb n\u00ebn dyshimet p\u00ebr krime lufte kund\u00ebr popullsis\u00eb civile n\u00eb komun\u00ebn e Lipjanit. N\u00eb t\u00eb nj\u00ebjt\u00ebn koh\u00eb, Prokuroria k\u00ebrkoi nga Gjykata Themelore n\u00eb Prishtin\u00eb mas\u00ebn e paraburgimit p\u00ebr personin me inicialet G.S. N\u00eb njoftimin e prokuroris\u00eb thuhet se \u201cekziston dyshimi i bazuar, se i dyshuari [&hellip;]<\/p>\n","protected":false},"author":2013,"featured_media":97642,"comment_status":"open","ping_status":"closed","sticky":false,"template":"","format":"standard","meta":{"footnotes":""},"categories":[241,2],"tags":[],"class_list":{"0":"post-97641","1":"post","2":"type-post","3":"status-publish","4":"format-standard","5":"has-post-thumbnail","7":"category-aktualitet","8":"category-rajoni"},"_links":{"self":[{"href":"https:\/\/zjarr.tv\/sq\/wp-json\/wp\/v2\/posts\/97641","targetHints":{"allow":["GET"]}}],"collection":[{"href":"https:\/\/zjarr.tv\/sq\/wp-json\/wp\/v2\/posts"}],"about":[{"href":"https:\/\/zjarr.tv\/sq\/wp-json\/wp\/v2\/types\/post"}],"author":[{"embeddable":true,"href":"https:\/\/zjarr.tv\/sq\/wp-json\/wp\/v2\/users\/2013"}],"replies":[{"embeddable":true,"href":"https:\/\/zjarr.tv\/sq\/wp-json\/wp\/v2\/comments?post=97641"}],"version-history":[{"count":0,"href":"https:\/\/zjarr.tv\/sq\/wp-json\/wp\/v2\/posts\/97641\/revisions"}],"wp:featuredmedia":[{"embeddable":true,"href":"https:\/\/zjarr.tv\/sq\/wp-json\/wp\/v2\/media\/97642"}],"wp:attachment":[{"href":"https:\/\/zjarr.tv\/sq\/wp-json\/wp\/v2\/media?parent=97641"}],"wp:term":[{"taxonomy":"category","embeddable":true,"href":"https:\/\/zjarr.tv\/sq\/wp-json\/wp\/v2\/categories?post=97641"},{"taxonomy":"post_tag","embeddable":true,"href":"https:\/\/zjarr.tv\/sq\/wp-json\/wp\/v2\/tags?post=97641"}],"curies":[{"name":"wp","href":"https:\/\/api.w.org\/{rel}","templated":true}]}}