{"id":97644,"date":"2019-07-21T12:08:22","date_gmt":"2019-07-21T10:08:22","guid":{"rendered":"https:\/\/zjarr.tv\/?p=97644"},"modified":"2019-07-21T12:08:22","modified_gmt":"2019-07-21T10:08:22","slug":"plas-ne-burgun-grek-sherr-mes-shqiptareve-dhe-pakistanezeve-3-te-plagosur","status":"publish","type":"post","link":"https:\/\/zjarr.tv\/sq\/plas-ne-burgun-grek-sherr-mes-shqiptareve-dhe-pakistanezeve-3-te-plagosur\/","title":{"rendered":"Plas n\u00eb burgun grek, sherr mes shqiptar\u00ebve dhe pakistanez\u00ebve, 3 t\u00eb plagosur&#8230;"},"content":{"rendered":"<p>T\u00eb burgosurit shqiptar\u00eb dhe ata pakistaneze jan\u00eb p\u00ebrfshir\u00eb n\u00eb nj\u00eb konflikt n\u00eb burgun e Chania n\u00eb Kret\u00eb, ku si pasoj\u00eb tre persona kan\u00eb mbetur t\u00eb plagosur.<\/p>\n<p>Sipas mediave greke t\u00eb plagosurit u transferuan n\u00eb spitalin e qytetit, nd\u00ebrsa nj\u00ebri prej tyre ishte n\u00eb gjendje m\u00eb t\u00eb r\u00ebnd\u00eb, pasi kishte plag\u00eb n\u00eb gjoks dhe k\u00ebmb\u00eb. Dy t\u00eb plagosurit e tjer\u00eb ndodhen jasht\u00eb rrezikut p\u00ebr jet\u00ebn.<\/p>\n<p>Sipas policis\u00eb greke konflikti ka ndodhur n\u00eb koh\u00ebn kur do t\u00eb d\u00ebnuarit do t\u00eb hanin ushqim.<\/p>\n<p>Nuk dihen ende rrethanat si ka ndodhur ngjarje, nd\u00ebrsa nuk b\u00ebhen t\u00eb ditur as identitetet e t\u00eb plagosurve.<\/p>\n<p>Kjo nuk \u00ebsht\u00eb hera e par\u00eb q\u00eb t\u00eb d\u00ebnuarit shqiptar\u00eb p\u00ebrfshihen n\u00eb konflikt me t\u00eb d\u00ebnuar t\u00eb tjer\u00eb, madje n\u00eb disa raste ngjarjet kan\u00eb p\u00ebrfunduar me viktima.<\/p>\n<p>&nbsp;<\/p>\n","protected":false},"excerpt":{"rendered":"<p>T\u00eb burgosurit shqiptar\u00eb dhe ata pakistaneze jan\u00eb p\u00ebrfshir\u00eb n\u00eb nj\u00eb konflikt n\u00eb burgun e Chania n\u00eb Kret\u00eb, ku si pasoj\u00eb tre persona kan\u00eb mbetur t\u00eb plagosur. Sipas mediave greke t\u00eb plagosurit u transferuan n\u00eb spitalin e qytetit, nd\u00ebrsa nj\u00ebri prej tyre ishte n\u00eb gjendje m\u00eb t\u00eb r\u00ebnd\u00eb, pasi kishte plag\u00eb n\u00eb gjoks dhe k\u00ebmb\u00eb. Dy [&hellip;]<\/p>\n","protected":false},"author":2013,"featured_media":97645,"comment_status":"open","ping_status":"closed","sticky":false,"template":"","format":"standard","meta":{"footnotes":""},"categories":[241,235],"tags":[],"class_list":{"0":"post-97644","1":"post","2":"type-post","3":"status-publish","4":"format-standard","5":"has-post-thumbnail","7":"category-aktualitet","8":"category-vendi"},"_links":{"self":[{"href":"https:\/\/zjarr.tv\/sq\/wp-json\/wp\/v2\/posts\/97644","targetHints":{"allow":["GET"]}}],"collection":[{"href":"https:\/\/zjarr.tv\/sq\/wp-json\/wp\/v2\/posts"}],"about":[{"href":"https:\/\/zjarr.tv\/sq\/wp-json\/wp\/v2\/types\/post"}],"author":[{"embeddable":true,"href":"https:\/\/zjarr.tv\/sq\/wp-json\/wp\/v2\/users\/2013"}],"replies":[{"embeddable":true,"href":"https:\/\/zjarr.tv\/sq\/wp-json\/wp\/v2\/comments?post=97644"}],"version-history":[{"count":0,"href":"https:\/\/zjarr.tv\/sq\/wp-json\/wp\/v2\/posts\/97644\/revisions"}],"wp:featuredmedia":[{"embeddable":true,"href":"https:\/\/zjarr.tv\/sq\/wp-json\/wp\/v2\/media\/97645"}],"wp:attachment":[{"href":"https:\/\/zjarr.tv\/sq\/wp-json\/wp\/v2\/media?parent=97644"}],"wp:term":[{"taxonomy":"category","embeddable":true,"href":"https:\/\/zjarr.tv\/sq\/wp-json\/wp\/v2\/categories?post=97644"},{"taxonomy":"post_tag","embeddable":true,"href":"https:\/\/zjarr.tv\/sq\/wp-json\/wp\/v2\/tags?post=97644"}],"curies":[{"name":"wp","href":"https:\/\/api.w.org\/{rel}","templated":true}]}}