{"id":97649,"date":"2019-07-21T12:11:20","date_gmt":"2019-07-21T10:11:20","guid":{"rendered":"https:\/\/zjarr.tv\/?p=97649"},"modified":"2019-07-21T12:11:20","modified_gmt":"2019-07-21T10:11:20","slug":"hajdute-ne-bregdet-arrestohen-3-skiftere-ne-vlore-dhe-sarande","status":"publish","type":"post","link":"https:\/\/zjarr.tv\/sq\/hajdute-ne-bregdet-arrestohen-3-skiftere-ne-vlore-dhe-sarande\/","title":{"rendered":"Hajdut\u00eb n\u00eb bregdet, arrestohen 3 \u2018skifter\u00eb\u2019 n\u00eb Vlor\u00eb dhe Sarand\u00eb"},"content":{"rendered":"<p>Tre persona jan\u00eb arrestuar n\u00eb Vlor\u00eb dhe Sarand\u00eb pasi akuzohen p\u00ebr vjedhje.<\/p>\n<p>Sipas policis\u00eb n\u00eb Vlor\u00eb u arrestuan shtetasit A. M., 32 vje\u00e7 dhe E. S., 27 vje\u00e7, banues n\u00eb Vlor\u00eb.<\/p>\n<p>&#8220;Dy t\u00eb arrestuarit ishin shpallur n\u00eb k\u00ebrkim pasi, m\u00eb dat\u00eb 19.07.2019, n\u00eb lagjen &#8220;Kushtrimi&#8221; dyshohet se k\u00ebna shtetas n\u00eb bashk\u00ebpunim me nj\u00ebri-tjetrin kan\u00eb vjedhur me thyerje lokalin e shtetasit H.S&#8221;, sqaron\u00a0policia.<\/p>\n<p>Po ashtu me akuz\u00ebn e vjedhjes u arrestua n\u00eb flagranc\u00eb nj\u00eb 32-vje\u00e7ar nga Ksamili.<\/p>\n<p>&#8220;Arrestimi i tij u b\u00eb pasi n\u00eb or\u00ebt e para t\u00eb m\u00ebngjesit t\u00eb djesh\u00ebm, n\u00eb lagjen nr.1 Sarand\u00eb, dyshohet ky shtetas ka tentuar t\u00eb vjedh\u00eb motorin e mark\u00ebs &#8220;Skygo&#8221; n\u00eb pron\u00ebsi t\u00eb shtetasit A. Z&#8221;,\u00a0tha policia.<\/p>\n<p>Materialet iu referuan Prokuroris\u00eb n\u00eb ngarkim t\u00eb tij p\u00ebr vepr\u00ebn penale &#8220;Vjedhja&#8221;.<\/p>\n<p>&nbsp;<\/p>\n","protected":false},"excerpt":{"rendered":"<p>Tre persona jan\u00eb arrestuar n\u00eb Vlor\u00eb dhe Sarand\u00eb pasi akuzohen p\u00ebr vjedhje. Sipas policis\u00eb n\u00eb Vlor\u00eb u arrestuan shtetasit A. M., 32 vje\u00e7 dhe E. S., 27 vje\u00e7, banues n\u00eb Vlor\u00eb. &#8220;Dy t\u00eb arrestuarit ishin shpallur n\u00eb k\u00ebrkim pasi, m\u00eb dat\u00eb 19.07.2019, n\u00eb lagjen &#8220;Kushtrimi&#8221; dyshohet se k\u00ebna shtetas n\u00eb bashk\u00ebpunim me nj\u00ebri-tjetrin kan\u00eb vjedhur [&hellip;]<\/p>\n","protected":false},"author":2013,"featured_media":47524,"comment_status":"open","ping_status":"closed","sticky":false,"template":"","format":"standard","meta":{"footnotes":""},"categories":[241,235],"tags":[],"class_list":{"0":"post-97649","1":"post","2":"type-post","3":"status-publish","4":"format-standard","5":"has-post-thumbnail","7":"category-aktualitet","8":"category-vendi"},"_links":{"self":[{"href":"https:\/\/zjarr.tv\/sq\/wp-json\/wp\/v2\/posts\/97649","targetHints":{"allow":["GET"]}}],"collection":[{"href":"https:\/\/zjarr.tv\/sq\/wp-json\/wp\/v2\/posts"}],"about":[{"href":"https:\/\/zjarr.tv\/sq\/wp-json\/wp\/v2\/types\/post"}],"author":[{"embeddable":true,"href":"https:\/\/zjarr.tv\/sq\/wp-json\/wp\/v2\/users\/2013"}],"replies":[{"embeddable":true,"href":"https:\/\/zjarr.tv\/sq\/wp-json\/wp\/v2\/comments?post=97649"}],"version-history":[{"count":0,"href":"https:\/\/zjarr.tv\/sq\/wp-json\/wp\/v2\/posts\/97649\/revisions"}],"wp:featuredmedia":[{"embeddable":true,"href":"https:\/\/zjarr.tv\/sq\/wp-json\/wp\/v2\/media\/47524"}],"wp:attachment":[{"href":"https:\/\/zjarr.tv\/sq\/wp-json\/wp\/v2\/media?parent=97649"}],"wp:term":[{"taxonomy":"category","embeddable":true,"href":"https:\/\/zjarr.tv\/sq\/wp-json\/wp\/v2\/categories?post=97649"},{"taxonomy":"post_tag","embeddable":true,"href":"https:\/\/zjarr.tv\/sq\/wp-json\/wp\/v2\/tags?post=97649"}],"curies":[{"name":"wp","href":"https:\/\/api.w.org\/{rel}","templated":true}]}}