{"id":97655,"date":"2019-07-21T12:13:34","date_gmt":"2019-07-21T10:13:34","guid":{"rendered":"https:\/\/zjarr.tv\/?p=97655"},"modified":"2019-07-21T12:13:34","modified_gmt":"2019-07-21T10:13:34","slug":"vritet-ne-hollande-vlonjati-qe-e-kishte-shpallur-veten-president-i-camerise","status":"publish","type":"post","link":"https:\/\/zjarr.tv\/sq\/vritet-ne-hollande-vlonjati-qe-e-kishte-shpallur-veten-president-i-camerise\/","title":{"rendered":"Vritet n\u00eb Holland\u00eb vlonjati q\u00eb e kishte shpallur veten president i \u00c7am\u00ebrise"},"content":{"rendered":"<p>Nj\u00eb ngjarje e r\u00ebnd\u00eb duket se \u00ebsht\u00eb b\u00ebr\u00eb publike dit\u00ebn e sotme.<\/p>\n<p>Sipas burimeve Presidenti i Republik\u00ebs s\u00eb \u00c7am\u00ebris\u00eb, Festim Lato i \u00ebsht\u00eb b\u00ebr\u00eb nj\u00eb atentat n\u00eb Holand\u00eb.<\/p>\n<p>Fillimisht lajmi \u00ebsht\u00eb b\u00ebr\u00eb i ditur nga Kryeministri i \u00c7am\u00ebris\u00eb Ali Aliu, e nd\u00ebrkaq p\u00ebr FaxNews familjar\u00ebt e viktim\u00ebs e kan\u00eb konfirmuar lajmin.<\/p>\n<p>P\u00ebr atentatin e Festim Latos, dje familjen Lato n\u00eb Vlor\u00eb e njoftoi Policia Holandeze, nd\u00ebrkoh\u00eb q\u00eb pretendohet q\u00eb vrasja t\u00eb jet\u00eb b\u00ebr\u00eb p\u00ebr motive politike.<\/p>\n<p>Festim Lato \u00ebsht\u00eb themelues i Republik\u00ebs s\u00eb \u00c7am\u00ebris\u00eb dhe i vet\u00ebshpallur President i saj.<\/p>\n<p>Postime t\u00eb shumat jan\u00eb b\u00ebr\u00eb n\u00eb profilin e Latos n\u00eb Facebook ku i shprehin ngush\u00ebllime familjes por nj\u00ebkoh\u00ebsisht dhe kombit shqiptar\u00eb p\u00ebr humbjen e madhe.<\/p>\n<p>Lajmin e ka b\u00ebr\u00eb t\u00eb ditur edhe shkrimtari Atdhe Geci, i cili ka publikuar \u00a0komunikat\u00eb p\u00ebr media, t\u00eb kryeministrit t\u00eb \u00c7am\u00ebris\u00eb, Ali Aliut.<\/p>\n<p>N\u00eb komunikat\u00ebn p\u00ebr media, thuhet se i \u00ebsht\u00eb b\u00ebr\u00eb atentat, dhe shkaqet e vrasjes jan\u00eb poltike, shkruan &#8220;Bota sot&#8221;.<\/p>\n<p>\u201cAtentat ndaj Presidentit t\u00eb Republik\u00ebs s\u00eb \u00c7am\u00ebris\u00eb n\u00eb Holand\u00eb<\/p>\n<p>N\u00eb Holand\u00eb iu b\u00eb atentat presidentit t\u00eb Republik\u00ebs s\u00eb \u00c7am\u00ebris\u00eb z. Festim Lato. P\u00ebr atentatin e Festim Latos, sot familjen Lato n\u00eb Vlor\u00eb e njoftoi Policia Holandeze. Me k\u00ebt\u00eb rast Qeveria e Republik\u00ebs s\u00eb \u00c7am\u00ebris\u00eb, me n\u00eb krye Kryeministri Ali Aliu, \u00ebsht\u00eb shum\u00eb e pik\u00eblluar, dhe i shpreh ngush\u00ebllime Familjes Lato nga Vlora, miq\u00ebve dhe shkove t\u00eb tij. Vrasja e Presidentit t\u00eb Republik\u00ebs s\u00eb \u00c7am\u00ebris\u00eb, z. Festim Lato \u00ebsht\u00eb vrasje me motive politike. Festim Lato \u00ebsht\u00eb heroi i par\u00eb i Republik\u00ebs s\u00eb \u00c7am\u00ebris\u00eb. Festim Lato, drit\u00eb tu b\u00ebft\u00eb gjaku o trim! \u00c7am\u00ebria \u00ebsht\u00eb gjaku yn\u00eb q\u00eb s\u00b4falet! Lavdi q\u00eb t\u00eb pat\u00ebm!\u201d, thuhet n\u00eb komunikat\u00ebn e Kryeministrit t\u00eb Republik\u00ebs s\u00eb \u00c7am\u00ebris\u00eb, Ali Aliu.<\/p>\n<p>&nbsp;<\/p>\n","protected":false},"excerpt":{"rendered":"<p>Nj\u00eb ngjarje e r\u00ebnd\u00eb duket se \u00ebsht\u00eb b\u00ebr\u00eb publike dit\u00ebn e sotme. Sipas burimeve Presidenti i Republik\u00ebs s\u00eb \u00c7am\u00ebris\u00eb, Festim Lato i \u00ebsht\u00eb b\u00ebr\u00eb nj\u00eb atentat n\u00eb Holand\u00eb. Fillimisht lajmi \u00ebsht\u00eb b\u00ebr\u00eb i ditur nga Kryeministri i \u00c7am\u00ebris\u00eb Ali Aliu, e nd\u00ebrkaq p\u00ebr FaxNews familjar\u00ebt e viktim\u00ebs e kan\u00eb konfirmuar lajmin. P\u00ebr atentatin e Festim [&hellip;]<\/p>\n","protected":false},"author":2013,"featured_media":97656,"comment_status":"open","ping_status":"closed","sticky":false,"template":"","format":"standard","meta":{"footnotes":""},"categories":[241,235],"tags":[],"class_list":{"0":"post-97655","1":"post","2":"type-post","3":"status-publish","4":"format-standard","5":"has-post-thumbnail","7":"category-aktualitet","8":"category-vendi"},"_links":{"self":[{"href":"https:\/\/zjarr.tv\/sq\/wp-json\/wp\/v2\/posts\/97655","targetHints":{"allow":["GET"]}}],"collection":[{"href":"https:\/\/zjarr.tv\/sq\/wp-json\/wp\/v2\/posts"}],"about":[{"href":"https:\/\/zjarr.tv\/sq\/wp-json\/wp\/v2\/types\/post"}],"author":[{"embeddable":true,"href":"https:\/\/zjarr.tv\/sq\/wp-json\/wp\/v2\/users\/2013"}],"replies":[{"embeddable":true,"href":"https:\/\/zjarr.tv\/sq\/wp-json\/wp\/v2\/comments?post=97655"}],"version-history":[{"count":0,"href":"https:\/\/zjarr.tv\/sq\/wp-json\/wp\/v2\/posts\/97655\/revisions"}],"wp:featuredmedia":[{"embeddable":true,"href":"https:\/\/zjarr.tv\/sq\/wp-json\/wp\/v2\/media\/97656"}],"wp:attachment":[{"href":"https:\/\/zjarr.tv\/sq\/wp-json\/wp\/v2\/media?parent=97655"}],"wp:term":[{"taxonomy":"category","embeddable":true,"href":"https:\/\/zjarr.tv\/sq\/wp-json\/wp\/v2\/categories?post=97655"},{"taxonomy":"post_tag","embeddable":true,"href":"https:\/\/zjarr.tv\/sq\/wp-json\/wp\/v2\/tags?post=97655"}],"curies":[{"name":"wp","href":"https:\/\/api.w.org\/{rel}","templated":true}]}}