{"id":97658,"date":"2019-07-21T12:14:51","date_gmt":"2019-07-21T10:14:51","guid":{"rendered":"https:\/\/zjarr.tv\/?p=97658"},"modified":"2019-07-21T12:14:51","modified_gmt":"2019-07-21T10:14:51","slug":"plagosi-me-thike-nje-person-arrestohet-autori-18-vjecar","status":"publish","type":"post","link":"https:\/\/zjarr.tv\/sq\/plagosi-me-thike-nje-person-arrestohet-autori-18-vjecar\/","title":{"rendered":"Plagosi me thik\u00eb nj\u00eb person, arrestohet autori 18 vje\u00e7ar"},"content":{"rendered":"<p>Plagosi\u00a0 me mjet prer\u00ebs 23-vje\u00e7arin, policia kap dhe arreston n\u00eb flagranc\u00eb autorin e dyshuar t\u00eb ngjarjes s\u00eb ndodhur mbr\u00ebmjen e djeshme.<\/p>\n<p>Arrestimi i tij u b\u00eb pasi, ky shtetas gjat\u00eb nj\u00eb konflikti , ndodhur n\u00eb rrug\u00ebn \u201cBesim Alla\u201d dyshohet se ka\u00a0 goditur me mjet prer\u00ebs\u00a0\u00a0 shtetasin L. T.,23 vje\u00e7, banues n\u00eb rrug\u00ebn \u201cBesim Alla\u201d Tiran\u00eb, duke i shkaktuar plag\u00eb t\u00eb r\u00ebnda i cili aktualisht ndodhet n\u00eb Spital n\u00ebn kujdesin e mjek\u00ebve.<\/p>\n<p>Ja njoftimi i plot\u00eb:<\/p>\n<p>Tiran\u00eb<\/p>\n<p>Plagosi\u00a0 me mjet prer\u00ebs 23-vje\u00e7arin, policia kap dhe arreston n\u00eb flagranc\u00eb autorin e dyshuar t\u00eb ngjarjes s\u00eb ndodhur mbr\u00ebmjen e djeshme.<\/p>\n<p>N\u00eb vijim t\u00eb pun\u00ebs p\u00ebr zbardhjen dhe dokumentimin e plot\u00eb t\u00eb\u00a0 ngjarjea, Specialist\u00ebt e Seksionit p\u00ebr Hetimin e Krimit n\u00eb Komisariatin e Policis\u00eb nr 6, fal\u00eb veprimeve t\u00eb mir\u00eborganizuara, b\u00ebn\u00eb kapjen dhe arrestimin n\u00eb flagranc\u00eb t\u00eb shtetasit:<\/p>\n<ul>\n<li>L. H.,18 vje\u00e7 banues n\u00eb Tiran\u00eb.<\/li>\n<\/ul>\n<p>Arrestimi i tij u b\u00eb pasi, ky shtetas gjat\u00eb nj\u00eb konflikti , ndodhur n\u00eb rrug\u00ebn \u201cBesim Alla\u201d dyshohet se ka\u00a0 goditur me mjet prer\u00ebs\u00a0\u00a0 shtetasin L. T.,23 vje\u00e7, banues n\u00eb rrug\u00ebn \u201cBesim Alla\u201d Tiran\u00eb, duke i shkaktuar plag\u00eb t\u00eb r\u00ebnda i cili aktualisht ndodhet n\u00eb Spital n\u00ebn kujdesin e mjek\u00ebve.<\/p>\n<p>Materialet n\u00eb ngarkim t\u00eb tij i kaluan Prokuroris\u00eb t\u00eb Rrethit Gjyq\u00ebsor Tiran\u00eb p\u00ebr vepr\u00ebn penale \u201cVrasja me dashje\u201d e mbetur n\u00eb tentativ\u00eb.<\/p>\n<p>&nbsp;<\/p>\n","protected":false},"excerpt":{"rendered":"<p>Plagosi\u00a0 me mjet prer\u00ebs 23-vje\u00e7arin, policia kap dhe arreston n\u00eb flagranc\u00eb autorin e dyshuar t\u00eb ngjarjes s\u00eb ndodhur mbr\u00ebmjen e djeshme. Arrestimi i tij u b\u00eb pasi, ky shtetas gjat\u00eb nj\u00eb konflikti , ndodhur n\u00eb rrug\u00ebn \u201cBesim Alla\u201d dyshohet se ka\u00a0 goditur me mjet prer\u00ebs\u00a0\u00a0 shtetasin L. T.,23 vje\u00e7, banues n\u00eb rrug\u00ebn \u201cBesim Alla\u201d Tiran\u00eb, [&hellip;]<\/p>\n","protected":false},"author":2013,"featured_media":94708,"comment_status":"open","ping_status":"closed","sticky":false,"template":"","format":"standard","meta":{"footnotes":""},"categories":[241,235],"tags":[],"class_list":{"0":"post-97658","1":"post","2":"type-post","3":"status-publish","4":"format-standard","5":"has-post-thumbnail","7":"category-aktualitet","8":"category-vendi"},"_links":{"self":[{"href":"https:\/\/zjarr.tv\/sq\/wp-json\/wp\/v2\/posts\/97658","targetHints":{"allow":["GET"]}}],"collection":[{"href":"https:\/\/zjarr.tv\/sq\/wp-json\/wp\/v2\/posts"}],"about":[{"href":"https:\/\/zjarr.tv\/sq\/wp-json\/wp\/v2\/types\/post"}],"author":[{"embeddable":true,"href":"https:\/\/zjarr.tv\/sq\/wp-json\/wp\/v2\/users\/2013"}],"replies":[{"embeddable":true,"href":"https:\/\/zjarr.tv\/sq\/wp-json\/wp\/v2\/comments?post=97658"}],"version-history":[{"count":0,"href":"https:\/\/zjarr.tv\/sq\/wp-json\/wp\/v2\/posts\/97658\/revisions"}],"wp:featuredmedia":[{"embeddable":true,"href":"https:\/\/zjarr.tv\/sq\/wp-json\/wp\/v2\/media\/94708"}],"wp:attachment":[{"href":"https:\/\/zjarr.tv\/sq\/wp-json\/wp\/v2\/media?parent=97658"}],"wp:term":[{"taxonomy":"category","embeddable":true,"href":"https:\/\/zjarr.tv\/sq\/wp-json\/wp\/v2\/categories?post=97658"},{"taxonomy":"post_tag","embeddable":true,"href":"https:\/\/zjarr.tv\/sq\/wp-json\/wp\/v2\/tags?post=97658"}],"curies":[{"name":"wp","href":"https:\/\/api.w.org\/{rel}","templated":true}]}}