{"id":97660,"date":"2019-07-21T12:16:13","date_gmt":"2019-07-21T10:16:13","guid":{"rendered":"https:\/\/zjarr.tv\/?p=97660"},"modified":"2019-07-21T12:16:13","modified_gmt":"2019-07-21T10:16:13","slug":"manastirliu-ne-qsh-ne-radhime-furnizim-pa-nderprerje-me-barna","status":"publish","type":"post","link":"https:\/\/zjarr.tv\/sq\/manastirliu-ne-qsh-ne-radhime-furnizim-pa-nderprerje-me-barna\/","title":{"rendered":"Manastirliu n\u00eb QSH n\u00eb Radhim\u00eb: Furnizim pa nd\u00ebrprerje me barna"},"content":{"rendered":"<p>\u201cMbi 19 mij\u00eb qytetar\u00eb kan\u00eb marr\u00eb sh\u00ebrbim n\u00eb qendrat sh\u00ebndet\u00ebsore verore q\u00eb po ofrojn\u00eb sh\u00ebrbim 24 or\u00eb gjat\u00eb gjith\u00eb vij\u00ebs bregdetare dhe n\u00eb zonat turistike malore\u201d.<\/p>\n<p>Gjat\u00eb inspektimit n\u00eb Qendr\u00ebn Sh\u00ebndet\u00ebsore t\u00eb hapur n\u00eb Radhim\u00eb, Ministrja e Sh\u00ebndet\u00ebsis\u00eb dhe Mbrojtjes Sociale Ogerta Manastirliu tha se me planin e integruar t\u00eb masave, garantojm\u00eb sh\u00ebrbim 24 or\u00eb n\u00eb zonat turistike.<\/p>\n<p>\u201cKemi p\u00ebrmir\u00ebsuar cil\u00ebsin\u00eb e sh\u00ebrbimit sh\u00ebndet\u00ebsor n\u00eb 28 qendrat sh\u00ebndet\u00ebsore verore q\u00eb funksionojn\u00eb n\u00eb t\u00eb gjith\u00eb zon\u00ebn turistike, me trajnimin e vazhduesh\u00ebm t\u00eb ekipeve mjek\u00ebsore dhe koordinimin e pun\u00ebs nga urgjenca komb\u00ebtare n\u00eb territor\u201d, u shpreh Manastirliu.<\/p>\n<p>Ministrja konfirmoi se t\u00eb gjitha qendrat verore vijojn\u00eb t\u00eb jen\u00eb t\u00eb pajisura me 52 lloje barnash dhe 26 lloje materialesh mjek\u00ebsore.<br \/>\n\u201cNuk mungojn\u00eb asnj\u00eb prej barnave dhe materialeve mjek\u00ebsore t\u00eb urgjenc\u00ebs, duke filluar nga antiviperat dhe antitetanik\u00ebt, nd\u00ebrsa furnizimi do t\u00eb jet\u00eb i vazhduesh\u00ebm\u201d, \u2013 tha Manastirliu.<\/p>\n<p>Nga data 1 Qershor deri m\u00eb 20 Korrik 2019 jan\u00eb kryer gjithsej rreth 19.111 vizita dhe trajtime mjek\u00ebsore dhe vet\u00ebm 345 raste jan\u00eb referuar n\u00eb spital.<br \/>\nQendrat verore mb\u00ebshteten nga 18 autoambulancash p\u00ebrgjat\u00eb vij\u00ebs bregdetare dhe n\u00eb zonat malore. Edhe spitalet pran\u00eb zonave turistike jan\u00eb me sh\u00ebrbim t\u00eb p\u00ebrforcuar. I gjith\u00eb sh\u00ebrbimi n\u00eb zonat turistike po koordinohet nga Urgjenca Mjek\u00ebsore, n\u00ebp\u00ebrmjet numrit unik 127.<\/p>\n<p>&nbsp;<\/p>\n","protected":false},"excerpt":{"rendered":"<p>\u201cMbi 19 mij\u00eb qytetar\u00eb kan\u00eb marr\u00eb sh\u00ebrbim n\u00eb qendrat sh\u00ebndet\u00ebsore verore q\u00eb po ofrojn\u00eb sh\u00ebrbim 24 or\u00eb gjat\u00eb gjith\u00eb vij\u00ebs bregdetare dhe n\u00eb zonat turistike malore\u201d. Gjat\u00eb inspektimit n\u00eb Qendr\u00ebn Sh\u00ebndet\u00ebsore t\u00eb hapur n\u00eb Radhim\u00eb, Ministrja e Sh\u00ebndet\u00ebsis\u00eb dhe Mbrojtjes Sociale Ogerta Manastirliu tha se me planin e integruar t\u00eb masave, garantojm\u00eb sh\u00ebrbim 24 or\u00eb [&hellip;]<\/p>\n","protected":false},"author":2013,"featured_media":97661,"comment_status":"open","ping_status":"closed","sticky":false,"template":"","format":"standard","meta":{"footnotes":""},"categories":[241,235],"tags":[],"class_list":{"0":"post-97660","1":"post","2":"type-post","3":"status-publish","4":"format-standard","5":"has-post-thumbnail","7":"category-aktualitet","8":"category-vendi"},"_links":{"self":[{"href":"https:\/\/zjarr.tv\/sq\/wp-json\/wp\/v2\/posts\/97660","targetHints":{"allow":["GET"]}}],"collection":[{"href":"https:\/\/zjarr.tv\/sq\/wp-json\/wp\/v2\/posts"}],"about":[{"href":"https:\/\/zjarr.tv\/sq\/wp-json\/wp\/v2\/types\/post"}],"author":[{"embeddable":true,"href":"https:\/\/zjarr.tv\/sq\/wp-json\/wp\/v2\/users\/2013"}],"replies":[{"embeddable":true,"href":"https:\/\/zjarr.tv\/sq\/wp-json\/wp\/v2\/comments?post=97660"}],"version-history":[{"count":0,"href":"https:\/\/zjarr.tv\/sq\/wp-json\/wp\/v2\/posts\/97660\/revisions"}],"wp:featuredmedia":[{"embeddable":true,"href":"https:\/\/zjarr.tv\/sq\/wp-json\/wp\/v2\/media\/97661"}],"wp:attachment":[{"href":"https:\/\/zjarr.tv\/sq\/wp-json\/wp\/v2\/media?parent=97660"}],"wp:term":[{"taxonomy":"category","embeddable":true,"href":"https:\/\/zjarr.tv\/sq\/wp-json\/wp\/v2\/categories?post=97660"},{"taxonomy":"post_tag","embeddable":true,"href":"https:\/\/zjarr.tv\/sq\/wp-json\/wp\/v2\/tags?post=97660"}],"curies":[{"name":"wp","href":"https:\/\/api.w.org\/{rel}","templated":true}]}}