{"id":97670,"date":"2019-07-21T12:22:16","date_gmt":"2019-07-21T10:22:16","guid":{"rendered":"https:\/\/zjarr.tv\/?p=97670"},"modified":"2019-07-21T12:22:16","modified_gmt":"2019-07-21T10:22:16","slug":"policia-shqiptare-kosovare-dhe-malazeze-trajnim-per-goditjen-e-krimit-nderkufitar","status":"publish","type":"post","link":"https:\/\/zjarr.tv\/sq\/policia-shqiptare-kosovare-dhe-malazeze-trajnim-per-goditjen-e-krimit-nderkufitar\/","title":{"rendered":"Policia shqiptare, kosovare dhe malazeze trajnim p\u00ebr goditjen e krimit nd\u00ebrkufitar"},"content":{"rendered":"<p>Policia kufitare e Shqip\u00ebris\u00eb, Malit t\u00eb Zi dhe Kosov\u00ebs kan\u00eb zhvilluar nj\u00eb trajnim n\u00eb Plav\u00eb p\u00ebr rritjen e nivelit t\u00eb kapaciteteve t\u00eb Policive t\u00eb t\u00eb tre vendeve, n\u00eb parandalimin dhe goditjen e krimit nd\u00ebrkufitar.<\/p>\n<p>Me moton \u201cServo per Amici\u201d-\u201cSh\u00ebrbejm\u00eb p\u00ebrmes Miq\u00ebsis\u00eb\u201d, trajnimi ka zgjatur nga data 19-21 korrik.<\/p>\n<p><em>&#8220;N\u00eb kuad\u00ebr t\u00eb patrullimeve t\u00eb p\u00ebrbashk\u00ebta nd\u00ebrmjet Policive Kufitare t\u00eb Shqip\u00ebris\u00eb, Malit t\u00eb Zi dhe Kosov\u00ebs, me iniciativ\u00eb t\u00eb IPA-s, seksioni i Malit t\u00eb Zi dhe n\u00ebn kujdesin e Drejtorit t\u00eb P\u00ebrgjithsh\u00ebm t\u00eb Policis\u00eb s\u00eb Shtetit t\u00eb Republik\u00ebs s\u00eb Shqip\u00ebris\u00eb dhe Drejtorit t\u00eb P\u00ebrgjithsh\u00ebm t\u00eb Policis\u00eb s\u00eb Malit t\u00eb Zi, prej dat\u00ebs 19 &#8211; 21 korrik, n\u00eb zon\u00ebn kufitare nd\u00ebrmjet tre shteteve, n\u00eb (Plav\u00eb &#8211; Guci), po zhvillohet nj\u00eb trajnim 3 ditor p\u00ebr evidentimin e drejtimeve t\u00eb mundshme ku mund t\u00eb zhvillohet veprimtari e paligjshme, n\u00ebp\u00ebrmjet zonave kufitare t\u00eb tre shteteve, me q\u00ebllim nd\u00ebrtimin e nj\u00eb strategjie t\u00eb re t\u00eb p\u00ebrbashk\u00ebt, p\u00ebr t\u00eb parandaluar dhe luftuar paligjshm\u00ebrin\u00eb nd\u00ebrkufitare&#8221;,<\/em>\u00a0thuhet n\u00eb njoftimin e policis\u00eb s\u00eb shtetit.<\/p>\n<p>N\u00eb k\u00ebt\u00eb trajnim marrin pjes\u00eb punonj\u00ebs Policie t\u00eb Kufitare Shkod\u00ebr, nj\u00ebkoh\u00ebsisht edhe an\u00ebtar\u00eb t\u00eb IPA, seksioni i Shqip\u00ebris\u00eb.<\/p>\n<p>Organizimi i k\u00ebtij trajnimi nga IPA, seksioni i Malit t\u00eb Zi, nuk ka vet\u00ebm p\u00ebr q\u00ebllim an\u00ebn policore, por edhe an\u00ebn miq\u00ebsore t\u00eb efektiv\u00ebve t\u00eb Policive kufitare t\u00eb t\u00eb tre vende dhe t\u00eb shk\u00ebmbimit t\u00eb eksperiencave mes tyre.<\/p>\n<p>&nbsp;<\/p>\n","protected":false},"excerpt":{"rendered":"<p>Policia kufitare e Shqip\u00ebris\u00eb, Malit t\u00eb Zi dhe Kosov\u00ebs kan\u00eb zhvilluar nj\u00eb trajnim n\u00eb Plav\u00eb p\u00ebr rritjen e nivelit t\u00eb kapaciteteve t\u00eb Policive t\u00eb t\u00eb tre vendeve, n\u00eb parandalimin dhe goditjen e krimit nd\u00ebrkufitar. Me moton \u201cServo per Amici\u201d-\u201cSh\u00ebrbejm\u00eb p\u00ebrmes Miq\u00ebsis\u00eb\u201d, trajnimi ka zgjatur nga data 19-21 korrik. &#8220;N\u00eb kuad\u00ebr t\u00eb patrullimeve t\u00eb p\u00ebrbashk\u00ebta nd\u00ebrmjet [&hellip;]<\/p>\n","protected":false},"author":2013,"featured_media":97671,"comment_status":"open","ping_status":"closed","sticky":false,"template":"","format":"standard","meta":{"footnotes":""},"categories":[241,235],"tags":[],"class_list":{"0":"post-97670","1":"post","2":"type-post","3":"status-publish","4":"format-standard","5":"has-post-thumbnail","7":"category-aktualitet","8":"category-vendi"},"_links":{"self":[{"href":"https:\/\/zjarr.tv\/sq\/wp-json\/wp\/v2\/posts\/97670","targetHints":{"allow":["GET"]}}],"collection":[{"href":"https:\/\/zjarr.tv\/sq\/wp-json\/wp\/v2\/posts"}],"about":[{"href":"https:\/\/zjarr.tv\/sq\/wp-json\/wp\/v2\/types\/post"}],"author":[{"embeddable":true,"href":"https:\/\/zjarr.tv\/sq\/wp-json\/wp\/v2\/users\/2013"}],"replies":[{"embeddable":true,"href":"https:\/\/zjarr.tv\/sq\/wp-json\/wp\/v2\/comments?post=97670"}],"version-history":[{"count":0,"href":"https:\/\/zjarr.tv\/sq\/wp-json\/wp\/v2\/posts\/97670\/revisions"}],"wp:featuredmedia":[{"embeddable":true,"href":"https:\/\/zjarr.tv\/sq\/wp-json\/wp\/v2\/media\/97671"}],"wp:attachment":[{"href":"https:\/\/zjarr.tv\/sq\/wp-json\/wp\/v2\/media?parent=97670"}],"wp:term":[{"taxonomy":"category","embeddable":true,"href":"https:\/\/zjarr.tv\/sq\/wp-json\/wp\/v2\/categories?post=97670"},{"taxonomy":"post_tag","embeddable":true,"href":"https:\/\/zjarr.tv\/sq\/wp-json\/wp\/v2\/tags?post=97670"}],"curies":[{"name":"wp","href":"https:\/\/api.w.org\/{rel}","templated":true}]}}