{"id":97673,"date":"2019-07-21T12:26:51","date_gmt":"2019-07-21T10:26:51","guid":{"rendered":"https:\/\/zjarr.tv\/?p=97673"},"modified":"2019-07-21T12:26:51","modified_gmt":"2019-07-21T10:26:51","slug":"luciano-boci-ska-percarje-te-opozites-zgjedhjet-vetem-me-qeveri-tranzitore","status":"publish","type":"post","link":"https:\/\/zjarr.tv\/sq\/luciano-boci-ska-percarje-te-opozites-zgjedhjet-vetem-me-qeveri-tranzitore\/","title":{"rendered":"Lu\u00e7iano Bo\u00e7i: S\u2019ka p\u00ebr\u00e7arje t\u00eb opozit\u00ebs, zgjedhjet vet\u00ebm me qeveri tranzitore"},"content":{"rendered":"<p>30 qershori \u00ebsht\u00eb krejt nul dhe dekreti i Presidentit p\u00ebr 13 tetorin n\u00eb fuqi, k\u00ebshtu deklaroi gjat\u00eb nj\u00eb bisede me gazet\u00ebn Koha Jon\u00eb ish deputeti i PD Lu\u00e7iano Bo\u00e7i.<\/p>\n<p>Ai p\u00ebrmend situat\u00ebn n\u00eb gjykat\u00ebn e Durr\u00ebsit, ku thekson se: \u201cSkandali i Durr\u00ebsit d\u00ebshmoi qartazi q\u00eb sot sistemi i drejt\u00ebsis\u00eb \u00ebsht\u00eb n\u00ebn vasalitet politik t\u00eb plot\u00eb. Gjyqtar\u00ebt jan\u00eb n\u00ebn presion t\u00eb plot\u00eb dhe vendimit e tyre vazhdojn\u00eb t\u00eb jen\u00eb partiake dhe jo ligjore. N\u00eb t\u00eb tilla rrethana por dhe ato pararend\u00ebse q\u00eb lidhem me dekretin e Presidentit, kryebashkiak\u00ebt nuk mund t\u00eb largohen nga ushtrimi i detyr\u00ebs. 30 Qershori \u00ebsht\u00eb krejt nul dhe dekreti i Presidentit n\u00eb fuqi. \u00cbsht\u00eb e drejt\u00eb institucionale e kryebashkiak\u00ebve t\u00eb vazhdojn\u00eb t\u00eb q\u00ebndrojn\u00eb n\u00eb detyr\u00eb dhe madje t\u00eb angazhohen p\u00ebr situat\u00ebn zgjedhore\u201d. Bo\u00e7i akuzon se PS vazhdon n\u00eb harbuterin\u00eb e saj ligjore duke i v\u00ebn\u00eb minat \u00e7do ligji e institucioni n\u00eb Shqip\u00ebri.<\/p>\n<p>I pyetur pse PD-ja ka nisur tani t\u00eb shpalos\u00eb programin e saj p\u00ebr ekonomin\u00eb, Bo\u00e7i thekson se \u00ebsht\u00eb garancia m\u00eb e prekshme p\u00ebr zgjidhjet q\u00eb sot k\u00ebrkojn\u00eb qytetar\u00ebt p\u00ebr problemet e tyre t\u00eb mprehta ekonomike e sociale. \u201cPrezantimi i platform\u00ebs ekonomike \u00ebsht\u00eb jo thjesht pararend\u00ebsja e programit t\u00eb PD p\u00ebr zgjedhjet politike t\u00eb prakohshme por dhe garancia m\u00eb e prekshme p\u00ebr zgjidhjet q\u00eb sot k\u00ebrkojn\u00eb qytetar\u00ebt p\u00ebr problemet e tyre t\u00eb mprehta ekonomike e sociale\u201d.<\/p>\n<p>A \u00ebsht\u00eb n\u00eb uniform\u00eb opozita dhe e ndajn\u00eb t\u00eb nj\u00ebjtin q\u00ebndrim p\u00ebr q\u00ebndrimet politike? Ish-deputeti thot\u00eb se nuk ka \u00e7arje n\u00eb q\u00ebndrimet e opozit\u00ebs, ku thekson se zgjedhjet lokale dhe politike do t\u00eb kalojn\u00eb p\u00ebrmes nj\u00eb qeverie tranzitore. \u201cOpozita nuk ka \u00e7arje n\u00eb q\u00ebndrimin e saj. Ne vazhdojm\u00eb t\u00eb theksojm\u00eb q\u00eb zgjedhje me Ram\u00ebn nuk ka dhe q\u00eb zgjedhjet politike e lokale do t\u00eb kalojn\u00eb n\u00ebp\u00ebrmjet nj\u00eb qeverie tranzitore\u201d. Sipas tij, dinamika politike \u00ebsht\u00eb n\u00eb l\u00ebvizje edhe pse jemi n\u00eb pikun e sezonit turistik. \u201cDinamika politike pavar\u00ebsisht stin\u00ebs \u00ebsht\u00eb n\u00eb l\u00ebvizje t\u00eb vazhdueshme dhe zgjidhja e kriz\u00ebs \u00ebsht\u00eb e af\u00ebrt. Ne kemi ende n\u00eb dispozicion mjete politike p\u00ebr t\u00eb detyruar nj\u00eb zgjidhje q\u00eb sot e k\u00ebrkojn\u00eb 85 % e shqiptar\u00ebve\u201d<\/p>\n<p>&nbsp;<\/p>\n","protected":false},"excerpt":{"rendered":"<p>30 qershori \u00ebsht\u00eb krejt nul dhe dekreti i Presidentit p\u00ebr 13 tetorin n\u00eb fuqi, k\u00ebshtu deklaroi gjat\u00eb nj\u00eb bisede me gazet\u00ebn Koha Jon\u00eb ish deputeti i PD Lu\u00e7iano Bo\u00e7i. Ai p\u00ebrmend situat\u00ebn n\u00eb gjykat\u00ebn e Durr\u00ebsit, ku thekson se: \u201cSkandali i Durr\u00ebsit d\u00ebshmoi qartazi q\u00eb sot sistemi i drejt\u00ebsis\u00eb \u00ebsht\u00eb n\u00ebn vasalitet politik t\u00eb plot\u00eb. [&hellip;]<\/p>\n","protected":false},"author":2013,"featured_media":60134,"comment_status":"open","ping_status":"closed","sticky":false,"template":"","format":"standard","meta":{"footnotes":""},"categories":[241,235],"tags":[],"class_list":{"0":"post-97673","1":"post","2":"type-post","3":"status-publish","4":"format-standard","5":"has-post-thumbnail","7":"category-aktualitet","8":"category-vendi"},"_links":{"self":[{"href":"https:\/\/zjarr.tv\/sq\/wp-json\/wp\/v2\/posts\/97673","targetHints":{"allow":["GET"]}}],"collection":[{"href":"https:\/\/zjarr.tv\/sq\/wp-json\/wp\/v2\/posts"}],"about":[{"href":"https:\/\/zjarr.tv\/sq\/wp-json\/wp\/v2\/types\/post"}],"author":[{"embeddable":true,"href":"https:\/\/zjarr.tv\/sq\/wp-json\/wp\/v2\/users\/2013"}],"replies":[{"embeddable":true,"href":"https:\/\/zjarr.tv\/sq\/wp-json\/wp\/v2\/comments?post=97673"}],"version-history":[{"count":0,"href":"https:\/\/zjarr.tv\/sq\/wp-json\/wp\/v2\/posts\/97673\/revisions"}],"wp:featuredmedia":[{"embeddable":true,"href":"https:\/\/zjarr.tv\/sq\/wp-json\/wp\/v2\/media\/60134"}],"wp:attachment":[{"href":"https:\/\/zjarr.tv\/sq\/wp-json\/wp\/v2\/media?parent=97673"}],"wp:term":[{"taxonomy":"category","embeddable":true,"href":"https:\/\/zjarr.tv\/sq\/wp-json\/wp\/v2\/categories?post=97673"},{"taxonomy":"post_tag","embeddable":true,"href":"https:\/\/zjarr.tv\/sq\/wp-json\/wp\/v2\/tags?post=97673"}],"curies":[{"name":"wp","href":"https:\/\/api.w.org\/{rel}","templated":true}]}}