{"id":97681,"date":"2019-07-21T13:42:07","date_gmt":"2019-07-21T11:42:07","guid":{"rendered":"https:\/\/zjarr.tv\/?p=97681"},"modified":"2019-07-21T13:42:07","modified_gmt":"2019-07-21T11:42:07","slug":"levizte-me-arme-zjarri-me-vete-arrestohet-36-vjecari-ne-tirane","status":"publish","type":"post","link":"https:\/\/zjarr.tv\/sq\/levizte-me-arme-zjarri-me-vete-arrestohet-36-vjecari-ne-tirane\/","title":{"rendered":"L\u00ebvizte me arm\u00eb zjarri me vete, arrestohet 36-vje\u00e7ari n\u00eb Tiran\u00eb"},"content":{"rendered":"<p>Policia e Tiran\u00ebs ka \u201cgoditur\u201d tjet\u00ebr rast t\u00eb arm\u00ebmbajtjes pa leje. Uniformat blu t\u00eb kryeqytetit kan\u00eb arrestuar nj\u00eb 36-vje\u00e7ar, pasi n\u00eb \u00e7ant\u00eb iu gjet nj\u00eb arm\u00eb zjarri.<\/p>\n<p>Nd\u00ebrkaq, policia ka proceduar penalisht mikun e tij, p\u00ebr \u201cmoskall\u00ebzim krimi\u201d.<a href=\"https:\/\/balkanweb.com\/levizte-me-arme-zjarri-me-vete-arrestohet-36-vjecari-ne-tirane\/\">Next<\/a><\/p>\n<p>Njoftimi i policis\u00eb:<\/p>\n<p>Tiran\u00eb<\/p>\n<p>Goditet nj\u00eb tjet\u00ebr rast i arm\u00ebmbajtjes pa leje.<\/p>\n<p>Vihet n\u00eb pranga 36-vje\u00e7ari i cili qarkullonte me arm\u00eb zjarri me vete.<\/p>\n<p>Sekuestrohet arm\u00eb zjarri pistolet\u00eb kr\u00ebh\u00ebr dhe fishek\u00eb luftarak<\/p>\n<p>Sh\u00ebrbimet e Komisariatit t\u00eb Policis\u00eb Nr 3 n\u00eb vijim t\u00eb pun\u00ebs p\u00ebr parandalimin dhe goditjen e paligjshm\u00ebris\u00eb, kapjen e personave n\u00eb k\u00ebrkim si dhe atyre q\u00eb qarkullojn\u00eb me arm\u00eb zjarri me vete, n\u00eb baz\u00eb t\u00eb informacioneve n\u00eb rrug\u00eb operative se nj\u00eb shtetas qarkullonte me arm\u00eb zjarri me vete n\u00eb rrug\u00ebn \u201cKastriot\u00ebt\u201d,\u00a0 ku fal\u00eb reagimit n\u00eb koh\u00eb b\u00ebn\u00eb kapjen dhe arrestimin n\u00eb flagranc\u00eb te shtetasit:<\/p>\n<p>K.,36 vje\u00e7 banues n\u00eb Kruj\u00eb, p\u00ebr vepr\u00ebn penale \u201cProdhimi dhe mbajtja pa leje e arm\u00ebve luftarake dhe municionit\u201d,. Gjat\u00eb kontrollit, Policia i gjeti n\u00eb \u00e7ant\u00ebn e dor\u00ebs \u00a0nj\u00eb arm\u00eb zjarri pistolet\u00eb me nj\u00eb kreh\u00ebr me fishek\u00eb.<\/p>\n<p>Gjithashtu\u00a0 u procedua n\u00eb gjendje t\u00eb lir\u00eb shtetasi E. M.,34 vje\u00e7 banues n\u00eb La\u00e7 p\u00ebr vepr\u00ebn penale \u201cMoskallzim krimi\u201d<\/p>\n<p>Materialet proceduriale do ti kalojn\u00eb Prokuroris\u00eb pran\u00eb Gjykat\u00ebs s\u00eb Shkall\u00ebs Par\u00eb Tiran\u00eb p\u00ebr veprime t\u00eb metejshme hetimore.<\/p>\n<p>&nbsp;<\/p>\n","protected":false},"excerpt":{"rendered":"<p>Policia e Tiran\u00ebs ka \u201cgoditur\u201d tjet\u00ebr rast t\u00eb arm\u00ebmbajtjes pa leje. Uniformat blu t\u00eb kryeqytetit kan\u00eb arrestuar nj\u00eb 36-vje\u00e7ar, pasi n\u00eb \u00e7ant\u00eb iu gjet nj\u00eb arm\u00eb zjarri. Nd\u00ebrkaq, policia ka proceduar penalisht mikun e tij, p\u00ebr \u201cmoskall\u00ebzim krimi\u201d.Next Njoftimi i policis\u00eb: Tiran\u00eb Goditet nj\u00eb tjet\u00ebr rast i arm\u00ebmbajtjes pa leje. Vihet n\u00eb pranga 36-vje\u00e7ari i [&hellip;]<\/p>\n","protected":false},"author":2013,"featured_media":88420,"comment_status":"open","ping_status":"closed","sticky":false,"template":"","format":"standard","meta":{"footnotes":""},"categories":[241,235],"tags":[],"class_list":{"0":"post-97681","1":"post","2":"type-post","3":"status-publish","4":"format-standard","5":"has-post-thumbnail","7":"category-aktualitet","8":"category-vendi"},"_links":{"self":[{"href":"https:\/\/zjarr.tv\/sq\/wp-json\/wp\/v2\/posts\/97681","targetHints":{"allow":["GET"]}}],"collection":[{"href":"https:\/\/zjarr.tv\/sq\/wp-json\/wp\/v2\/posts"}],"about":[{"href":"https:\/\/zjarr.tv\/sq\/wp-json\/wp\/v2\/types\/post"}],"author":[{"embeddable":true,"href":"https:\/\/zjarr.tv\/sq\/wp-json\/wp\/v2\/users\/2013"}],"replies":[{"embeddable":true,"href":"https:\/\/zjarr.tv\/sq\/wp-json\/wp\/v2\/comments?post=97681"}],"version-history":[{"count":0,"href":"https:\/\/zjarr.tv\/sq\/wp-json\/wp\/v2\/posts\/97681\/revisions"}],"wp:featuredmedia":[{"embeddable":true,"href":"https:\/\/zjarr.tv\/sq\/wp-json\/wp\/v2\/media\/88420"}],"wp:attachment":[{"href":"https:\/\/zjarr.tv\/sq\/wp-json\/wp\/v2\/media?parent=97681"}],"wp:term":[{"taxonomy":"category","embeddable":true,"href":"https:\/\/zjarr.tv\/sq\/wp-json\/wp\/v2\/categories?post=97681"},{"taxonomy":"post_tag","embeddable":true,"href":"https:\/\/zjarr.tv\/sq\/wp-json\/wp\/v2\/tags?post=97681"}],"curies":[{"name":"wp","href":"https:\/\/api.w.org\/{rel}","templated":true}]}}