{"id":97683,"date":"2019-07-21T13:43:27","date_gmt":"2019-07-21T11:43:27","guid":{"rendered":"https:\/\/zjarr.tv\/?p=97683"},"modified":"2019-07-21T13:43:27","modified_gmt":"2019-07-21T11:43:27","slug":"obsh-pergezon-qeverine-shqiptare-per-ligjin-antiduhan","status":"publish","type":"post","link":"https:\/\/zjarr.tv\/sq\/obsh-pergezon-qeverine-shqiptare-per-ligjin-antiduhan\/","title":{"rendered":"OBSH p\u00ebrg\u00ebzon Qeverin\u00eb Shqiptare, p\u00ebr Ligjin Antiduhan"},"content":{"rendered":"<p>OBSH p\u00ebrg\u00ebzon Qeverin\u00eb Shqiptare p\u00ebr hapat e nd\u00ebrmarr\u00eb p\u00ebr ndalimin e duhanpirjes dhe mbrojtjen e sh\u00ebndetit nga t\u00eb gjitha llojet e produkteve t\u00eb duhanit.<\/p>\n<p>Zyra e OBSH p\u00ebr Shqip\u00ebrin\u00eb, n\u00ebp\u00ebrmjet drejtuesit t\u00eb saj dr. Ra\u00fal Gonz\u00e1les, i ka d\u00ebrguar nj\u00eb let\u00ebr p\u00ebrg\u00ebzuese, Ministres s\u00eb Sh\u00ebndet\u00ebsis\u00eb dhe Mbrojtjes Sociale, Ogerta Manastirliu, p\u00ebr amendamentet e miratuara dit\u00ebn e enjte, n\u00eb seanc\u00ebn e fundit t\u00eb Kuvendit t\u00eb Shqip\u00ebris\u00eb, n\u00eb Ligjin \u201cP\u00ebr Mbrojtjen e Sh\u00ebndetit nga Produktet e Duhanit.<\/p>\n<p>\u201cOBSH p\u00ebrg\u00ebzon qeverin\u00eb e Shqip\u00ebris\u00eb p\u00ebr hapat e nd\u00ebrmarr\u00eb, p\u00ebr t\u00eb \u00e7uar p\u00ebrpara implementimin e Konvent\u00ebs Kuad\u00ebr t\u00eb Kontrollit t\u00eb Duhanit, duke vendosur si prioritet sh\u00ebndetin e qytetar\u00ebve shqiptar\u00eb, mbi interesat e tjera\u201d, -thuhet n\u00eb letr\u00ebn drejtuar Ministres Manastirliu.<\/p>\n<p>N\u00eb linj\u00eb me vendimet e Konferenc\u00ebs s\u00eb Pal\u00ebve t\u00eb Konvent\u00ebs Kuad\u00ebr t\u00eb OBSH mbi Kontrollin e Duhanit, Zyra Rajonale e OBSH p\u00ebr Evrop\u00ebn dhe Zyra e OBSH n\u00eb Shqip\u00ebri mb\u00ebshtet qeverin\u00eb shqiptare p\u00ebr hapat e nd\u00ebrmarr\u00eb. \u201cJu mb\u00ebshtesin fort n\u00eb eleminimin e d\u00ebmeve sh\u00ebndet\u00ebsore, sociale, ekonomike dhe mjedisore, q\u00eb duhani shkakton mbi njer\u00ebzit dhe shoq\u00ebrit\u00eb. Ju siguroj se OBSH do t\u00eb jet\u00eb gjithmon\u00eb n\u00eb krahun e interesit t\u00eb publikut, p\u00ebr implementimin e efektsh\u00ebm t\u00eb t\u00eb gjith\u00eb masave ligjore q\u00eb vendosin sh\u00ebndetin para gjith\u00e7kaje.\u201d-thuhet n\u00eb letr\u00ebn drejtuar Ministres Manastirliu.<\/p>\n<p>&nbsp;<\/p>\n","protected":false},"excerpt":{"rendered":"<p>OBSH p\u00ebrg\u00ebzon Qeverin\u00eb Shqiptare p\u00ebr hapat e nd\u00ebrmarr\u00eb p\u00ebr ndalimin e duhanpirjes dhe mbrojtjen e sh\u00ebndetit nga t\u00eb gjitha llojet e produkteve t\u00eb duhanit. Zyra e OBSH p\u00ebr Shqip\u00ebrin\u00eb, n\u00ebp\u00ebrmjet drejtuesit t\u00eb saj dr. Ra\u00fal Gonz\u00e1les, i ka d\u00ebrguar nj\u00eb let\u00ebr p\u00ebrg\u00ebzuese, Ministres s\u00eb Sh\u00ebndet\u00ebsis\u00eb dhe Mbrojtjes Sociale, Ogerta Manastirliu, p\u00ebr amendamentet e miratuara dit\u00ebn [&hellip;]<\/p>\n","protected":false},"author":2013,"featured_media":0,"comment_status":"open","ping_status":"closed","sticky":false,"template":"","format":"standard","meta":{"footnotes":""},"categories":[241,235],"tags":[],"class_list":{"0":"post-97683","1":"post","2":"type-post","3":"status-publish","4":"format-standard","6":"category-aktualitet","7":"category-vendi"},"_links":{"self":[{"href":"https:\/\/zjarr.tv\/sq\/wp-json\/wp\/v2\/posts\/97683","targetHints":{"allow":["GET"]}}],"collection":[{"href":"https:\/\/zjarr.tv\/sq\/wp-json\/wp\/v2\/posts"}],"about":[{"href":"https:\/\/zjarr.tv\/sq\/wp-json\/wp\/v2\/types\/post"}],"author":[{"embeddable":true,"href":"https:\/\/zjarr.tv\/sq\/wp-json\/wp\/v2\/users\/2013"}],"replies":[{"embeddable":true,"href":"https:\/\/zjarr.tv\/sq\/wp-json\/wp\/v2\/comments?post=97683"}],"version-history":[{"count":0,"href":"https:\/\/zjarr.tv\/sq\/wp-json\/wp\/v2\/posts\/97683\/revisions"}],"wp:attachment":[{"href":"https:\/\/zjarr.tv\/sq\/wp-json\/wp\/v2\/media?parent=97683"}],"wp:term":[{"taxonomy":"category","embeddable":true,"href":"https:\/\/zjarr.tv\/sq\/wp-json\/wp\/v2\/categories?post=97683"},{"taxonomy":"post_tag","embeddable":true,"href":"https:\/\/zjarr.tv\/sq\/wp-json\/wp\/v2\/tags?post=97683"}],"curies":[{"name":"wp","href":"https:\/\/api.w.org\/{rel}","templated":true}]}}