{"id":97687,"date":"2019-07-21T13:59:53","date_gmt":"2019-07-21T11:59:53","guid":{"rendered":"https:\/\/zjarr.tv\/?p=97687"},"modified":"2019-07-21T13:59:53","modified_gmt":"2019-07-21T11:59:53","slug":"instalohen-5-bova-ankoruese-te-vendosura-pergjate-parkut-detar-karaburun-sazan","status":"publish","type":"post","link":"https:\/\/zjarr.tv\/sq\/instalohen-5-bova-ankoruese-te-vendosura-pergjate-parkut-detar-karaburun-sazan\/","title":{"rendered":"Instalohen 5 bova ankoruese t\u00eb vendosura p\u00ebrgjat\u00eb parkut detar Karaburun-Sazan"},"content":{"rendered":"<p>5 bova ankoruese u vendos\u00ebn p\u00ebrgjat\u00eb pikave m\u00eb t\u00eb frekuentuara t\u00eb parkut detar Karaburun-Sazan, atraksion turistik i njohur n\u00eb nivel nd\u00ebrkomb\u00ebtar.<\/p>\n<p>Ministri i mjedisit Blendi Klosi tha se k\u00ebto bova do t\u00eb sh\u00ebrbejn\u00eb p\u00ebr ankorimin e mjeteve detare q\u00eb ofrojn\u00eb ture n\u00eb zon\u00eb, por edhe te mjeteve t\u00eb tjera private dhe jahteve me turist\u00eb q\u00eb mb\u00ebrrijn\u00eb n\u00eb vendin ton\u00eb.<\/p>\n<p><strong>Klosi:<\/strong>\u00a0<em>Do t\u00eb jet\u00eb edhe nj\u00eb shembull i par\u00eb sesi mund t\u00eb krijohen leht\u00ebsira t\u00eb tilla gjat\u00eb gjith\u00eb zon\u00ebs bregdetare, pasi e kemi shum\u00eb t\u00eb nevojshme q\u00eb n\u00eb strategjin\u00eb ton\u00eb p\u00ebr t\u00eb zhvilluar industrin\u00eb e detit, t\u00eb krijohet edhe infrastruktura e nevojshme p\u00ebr sistemimin dhe rehabilitimin e pikave, ku mund t\u00eb parkohen mjetet lundruese dhe t\u00eb shfryt\u00ebzohet deti.\u00a0<\/em><\/p>\n<p>Klosi theksoi se kjo nism\u00eb vjen n\u00eb nj\u00eb faz\u00eb t\u00eb par\u00eb, eksperimentale, dhe se vitin e ardhsh\u00ebm do t\u00eb vendosen bova gjat\u00eb gjith\u00eb bregdetit.<\/p>\n<p><strong>Klosi:<\/strong>\u00a0<em>S\u00eb bashku me agjencin\u00eb e zonave t\u00eb mbrojtura, sot do t\u00eb vizitojm\u00eb bashk\u00eb me t\u00eb rinjt\u00eb e projektit smile Albania t\u00eb gjith\u00eb gadishullin e Karaburunit, i shnd\u00ebrruar n\u00eb nj\u00eb destinacion t\u00eb frekuentuar turistik jo vet\u00ebm p\u00ebr vizitor\u00ebt vendas por edhe p\u00ebr t\u00eb huajt. Por, q\u00eb numri i tyre t\u00eb rritet, duhet krijuar infrastruktura e nevojshme, duhen vendosur m\u00eb shum\u00eb bova, p\u00ebr ti hapur rrug\u00eb zhvillimit t\u00eb nj\u00eb industrie t\u00eb re n\u00eb turiz\u00ebm, q\u00eb \u00ebsht\u00eb industria e detit, p\u00ebr t\u00eb pritur jahte dhe marina edhe n\u00eb Shqip\u00ebri.<\/em><\/p>\n<p>Klosi thot\u00eb se \u00ebsht\u00eb koha p\u00ebr t\u00eb marr\u00eb masat e nevojshme p\u00ebr t\u00eb garantuar zhvillim turistik t\u00eb q\u00ebndruesh\u00ebm me impakt zero n\u00eb mjedis.<\/p>\n<p>&nbsp;<\/p>\n","protected":false},"excerpt":{"rendered":"<p>5 bova ankoruese u vendos\u00ebn p\u00ebrgjat\u00eb pikave m\u00eb t\u00eb frekuentuara t\u00eb parkut detar Karaburun-Sazan, atraksion turistik i njohur n\u00eb nivel nd\u00ebrkomb\u00ebtar. Ministri i mjedisit Blendi Klosi tha se k\u00ebto bova do t\u00eb sh\u00ebrbejn\u00eb p\u00ebr ankorimin e mjeteve detare q\u00eb ofrojn\u00eb ture n\u00eb zon\u00eb, por edhe te mjeteve t\u00eb tjera private dhe jahteve me turist\u00eb q\u00eb [&hellip;]<\/p>\n","protected":false},"author":2013,"featured_media":97688,"comment_status":"open","ping_status":"closed","sticky":false,"template":"","format":"standard","meta":{"footnotes":""},"categories":[241,235],"tags":[],"class_list":{"0":"post-97687","1":"post","2":"type-post","3":"status-publish","4":"format-standard","5":"has-post-thumbnail","7":"category-aktualitet","8":"category-vendi"},"_links":{"self":[{"href":"https:\/\/zjarr.tv\/sq\/wp-json\/wp\/v2\/posts\/97687","targetHints":{"allow":["GET"]}}],"collection":[{"href":"https:\/\/zjarr.tv\/sq\/wp-json\/wp\/v2\/posts"}],"about":[{"href":"https:\/\/zjarr.tv\/sq\/wp-json\/wp\/v2\/types\/post"}],"author":[{"embeddable":true,"href":"https:\/\/zjarr.tv\/sq\/wp-json\/wp\/v2\/users\/2013"}],"replies":[{"embeddable":true,"href":"https:\/\/zjarr.tv\/sq\/wp-json\/wp\/v2\/comments?post=97687"}],"version-history":[{"count":0,"href":"https:\/\/zjarr.tv\/sq\/wp-json\/wp\/v2\/posts\/97687\/revisions"}],"wp:featuredmedia":[{"embeddable":true,"href":"https:\/\/zjarr.tv\/sq\/wp-json\/wp\/v2\/media\/97688"}],"wp:attachment":[{"href":"https:\/\/zjarr.tv\/sq\/wp-json\/wp\/v2\/media?parent=97687"}],"wp:term":[{"taxonomy":"category","embeddable":true,"href":"https:\/\/zjarr.tv\/sq\/wp-json\/wp\/v2\/categories?post=97687"},{"taxonomy":"post_tag","embeddable":true,"href":"https:\/\/zjarr.tv\/sq\/wp-json\/wp\/v2\/tags?post=97687"}],"curies":[{"name":"wp","href":"https:\/\/api.w.org\/{rel}","templated":true}]}}