{"id":97697,"date":"2019-07-21T17:01:23","date_gmt":"2019-07-21T15:01:23","guid":{"rendered":"https:\/\/zjarr.tv\/?p=97697"},"modified":"2019-07-21T17:01:23","modified_gmt":"2019-07-21T15:01:23","slug":"perplasen-dy-makina-ne-tropoje-humb-jeten-9-vjecari-plagosen-5-te-tjere","status":"publish","type":"post","link":"https:\/\/zjarr.tv\/sq\/perplasen-dy-makina-ne-tropoje-humb-jeten-9-vjecari-plagosen-5-te-tjere\/","title":{"rendered":"P\u00ebrplasen dy makina n\u00eb Tropoj\u00eb\/ Humb jet\u00ebn 9-vje\u00e7ari, plagosen 5 t\u00eb tjer\u00eb"},"content":{"rendered":"<p>Nj\u00eb aksident i r\u00ebn\u00eb ka ndodhur sot n\u00eb Tropoj\u00eb. Dy makina jan\u00eb p\u00ebrplasur me nj\u00ebra-tjetr\u00ebn n\u00eb aksin rrugor Bajram Curri \u2013 Sopot.<\/p>\n<p>Si rrjedhoj\u00eb ka nd\u00ebrruar jet\u00ebn gjat\u00eb transportimit p\u00ebr n\u00eb spital\u00a0nj\u00eb djal\u00eb i mitur, 9 vje\u00e7.<\/p>\n<p>Nd\u00ebrkoh\u00eb 5 shtetas t\u00eb tjer\u00eb kan\u00eb mbetur t\u00eb plagosur.<\/p>\n<p>Njoftimi i policis\u00eb:<\/p>\n<p>Tropoj\u00eb\/ informacion paraprak.<\/p>\n<p>M\u00eb dat\u00eb 21.07.2019, n\u00eb aksin rrugor Bajram- Curri \u2013 Sopot, n\u00eb vendin e quajtur Cerrnic\u00eb, jan\u00eb p\u00ebrplasur mjeti tip \u201cBenz\u201d, me drejtues shtetasin B.\u00c7., banues n\u00eb Tropoj\u00eb, me mjetin tip \u201cToyota\u201d, me drejtues shtetasin Z.M.<\/p>\n<p>Si pasoj\u00eb jan\u00eb d\u00ebmtuar drejtuesit e mjeteve, B.\u00c7, Z.M., pasagjer\u00ebt shtetasit A.\u00c7, A.\u00c7, H.L., si dhe ka gjetur vdekjen rrug\u00ebs p\u00ebr n\u00eb spital i mituri E.\u00c7, 9 vje\u00e7, banues n\u00eb Tropoj\u00eb.<\/p>\n<p>Grupi hetimor ndodhet n\u00eb vendin e ngjarjes, ku po punon p\u00ebr p\u00ebrcaktimin e shkaqeve t\u00eb aksidentit.<\/p>\n<p>&nbsp;<\/p>\n","protected":false},"excerpt":{"rendered":"<p>Nj\u00eb aksident i r\u00ebn\u00eb ka ndodhur sot n\u00eb Tropoj\u00eb. Dy makina jan\u00eb p\u00ebrplasur me nj\u00ebra-tjetr\u00ebn n\u00eb aksin rrugor Bajram Curri \u2013 Sopot. Si rrjedhoj\u00eb ka nd\u00ebrruar jet\u00ebn gjat\u00eb transportimit p\u00ebr n\u00eb spital\u00a0nj\u00eb djal\u00eb i mitur, 9 vje\u00e7. Nd\u00ebrkoh\u00eb 5 shtetas t\u00eb tjer\u00eb kan\u00eb mbetur t\u00eb plagosur. Njoftimi i policis\u00eb: Tropoj\u00eb\/ informacion paraprak. M\u00eb dat\u00eb 21.07.2019, [&hellip;]<\/p>\n","protected":false},"author":2013,"featured_media":66936,"comment_status":"open","ping_status":"closed","sticky":false,"template":"","format":"standard","meta":{"footnotes":""},"categories":[241,235],"tags":[],"class_list":{"0":"post-97697","1":"post","2":"type-post","3":"status-publish","4":"format-standard","5":"has-post-thumbnail","7":"category-aktualitet","8":"category-vendi"},"_links":{"self":[{"href":"https:\/\/zjarr.tv\/sq\/wp-json\/wp\/v2\/posts\/97697","targetHints":{"allow":["GET"]}}],"collection":[{"href":"https:\/\/zjarr.tv\/sq\/wp-json\/wp\/v2\/posts"}],"about":[{"href":"https:\/\/zjarr.tv\/sq\/wp-json\/wp\/v2\/types\/post"}],"author":[{"embeddable":true,"href":"https:\/\/zjarr.tv\/sq\/wp-json\/wp\/v2\/users\/2013"}],"replies":[{"embeddable":true,"href":"https:\/\/zjarr.tv\/sq\/wp-json\/wp\/v2\/comments?post=97697"}],"version-history":[{"count":0,"href":"https:\/\/zjarr.tv\/sq\/wp-json\/wp\/v2\/posts\/97697\/revisions"}],"wp:featuredmedia":[{"embeddable":true,"href":"https:\/\/zjarr.tv\/sq\/wp-json\/wp\/v2\/media\/66936"}],"wp:attachment":[{"href":"https:\/\/zjarr.tv\/sq\/wp-json\/wp\/v2\/media?parent=97697"}],"wp:term":[{"taxonomy":"category","embeddable":true,"href":"https:\/\/zjarr.tv\/sq\/wp-json\/wp\/v2\/categories?post=97697"},{"taxonomy":"post_tag","embeddable":true,"href":"https:\/\/zjarr.tv\/sq\/wp-json\/wp\/v2\/tags?post=97697"}],"curies":[{"name":"wp","href":"https:\/\/api.w.org\/{rel}","templated":true}]}}