{"id":97698,"date":"2019-07-21T17:43:45","date_gmt":"2019-07-21T15:43:45","guid":{"rendered":"https:\/\/zjarr.tv\/?p=97698"},"modified":"2019-07-21T17:43:45","modified_gmt":"2019-07-21T15:43:45","slug":"tirane-arrestohen-vjedhesit-e-rrobave-ne-qendrat-tregtare","status":"publish","type":"post","link":"https:\/\/zjarr.tv\/sq\/tirane-arrestohen-vjedhesit-e-rrobave-ne-qendrat-tregtare\/","title":{"rendered":"Tiran\u00eb, arrestohen vjedh\u00ebsit e rrobave n\u00eb qendrat tregtare"},"content":{"rendered":"<p>Tiran\u00eb<\/p>\n<p>Vidhnin rroba n\u00eb dyqane dhe qendra tregtare n\u00eb Tiran\u00eb, vihen n\u00eb pranga nga sh\u00ebrbimet e Komisariat t\u00eb Policis\u00eb Nr 2, autor\u00ebt e vjedhjeve.<\/p>\n<p>Zbardhen dhe disa vjedhje t\u00eb tjera, ku dyshohet se jan\u00eb kryer nga \u00a0k\u00ebta shtetas<\/p>\n<p>Sekuestrohen n\u00eb cil\u00ebsin\u00eb e prov\u00ebs materiale rrobat e vjedhura.<\/p>\n<p>Specialist\u00ebt p\u00ebr Hetimin e Krimit n\u00eb Komisariatin e Policis\u00eb Nr.2, \u00a0pas njoftimit t\u00eb marr\u00eb se dy persona \u00a0kishin vjedhur disa rroba \u00a0n\u00eb nj\u00eb qend\u00ebr tregtare n\u00eb Tiran\u00eb, kan\u00eb organizuar pun\u00ebn, ku pas \u00a0analizimit t\u00eb pamjeve filmike, dhe kontrolleve t\u00eb shpejta t\u00eb ushtruara \u00a0n\u00eb ambientet e qendr\u00ebs tregtare kan\u00eb b\u00ebr\u00eb t\u00eb mundur kapjen dhe arrestin n\u00eb flagranc\u00eb t\u00eb shtetasve:<\/p>\n<p>&#8211; F.,T.,34 vje\u00e7, banues n\u00eb Shkod\u00ebr, i d\u00ebnuar m\u00eb par\u00eb p\u00ebr vepr\u00ebn penale \u00a0\u201cVjedhja\u201d.<\/p>\n<p>&#8211; F.,GJ., 41 vje\u00e7e banuese n\u00eb Kam\u00ebz.<\/p>\n<p>N\u00eb momentin e arrestimit \u00a0k\u00ebtyre shtetasve , policia ju gjeti dhe sekuestroi edhe rrobat e vjedhura \u00a0n\u00eb nj\u00ebrin nga dyqanet \u00a0e qendr\u00ebs tregtare.<\/p>\n<p>N\u00eb \u00a0vijim t\u00eb veprimeve hetimore t\u00eb kryera nga Specialist\u00ebt p\u00ebr Hetimin e Krimit \u00a0u b\u00eb e mundur dokumentimi i nj\u00eb s\u00ebr\u00eb vjedhjeve t\u00eb kryera nga k\u00ebta persona n\u00eb dyqane, qendra tregtare dhe \u00a0tregje t\u00eb shumic\u00ebs, t\u00eb cil\u00ebt pasi i vidhnin rrobat, i shisnin n\u00eb dyqanin e shtetasit F.T n\u00eb Shkod\u00ebr.<\/p>\n<p>Materialet i kaluan Prokuroris\u00eb s\u00eb Rrethit Gjyq\u00ebsor Tiran\u00eb, p\u00ebr veprime t\u00eb m\u00ebtejshme p\u00ebr vepr\u00ebn penale \u201cVjedhja\u201d e kryer n\u00eb bashk\u00ebpunim n\u00eb m\u00eb shum\u00eb se nj\u00eb her\u00eb, \u00a0parashikuar nga neni 134\/1 i Kodit Penal.<\/p>\n<p>&nbsp;<\/p>\n","protected":false},"excerpt":{"rendered":"<p>Tiran\u00eb Vidhnin rroba n\u00eb dyqane dhe qendra tregtare n\u00eb Tiran\u00eb, vihen n\u00eb pranga nga sh\u00ebrbimet e Komisariat t\u00eb Policis\u00eb Nr 2, autor\u00ebt e vjedhjeve. Zbardhen dhe disa vjedhje t\u00eb tjera, ku dyshohet se jan\u00eb kryer nga \u00a0k\u00ebta shtetas Sekuestrohen n\u00eb cil\u00ebsin\u00eb e prov\u00ebs materiale rrobat e vjedhura. Specialist\u00ebt p\u00ebr Hetimin e Krimit n\u00eb Komisariatin e [&hellip;]<\/p>\n","protected":false},"author":2013,"featured_media":57185,"comment_status":"open","ping_status":"closed","sticky":false,"template":"","format":"standard","meta":{"footnotes":""},"categories":[241,235],"tags":[],"class_list":{"0":"post-97698","1":"post","2":"type-post","3":"status-publish","4":"format-standard","5":"has-post-thumbnail","7":"category-aktualitet","8":"category-vendi"},"_links":{"self":[{"href":"https:\/\/zjarr.tv\/sq\/wp-json\/wp\/v2\/posts\/97698","targetHints":{"allow":["GET"]}}],"collection":[{"href":"https:\/\/zjarr.tv\/sq\/wp-json\/wp\/v2\/posts"}],"about":[{"href":"https:\/\/zjarr.tv\/sq\/wp-json\/wp\/v2\/types\/post"}],"author":[{"embeddable":true,"href":"https:\/\/zjarr.tv\/sq\/wp-json\/wp\/v2\/users\/2013"}],"replies":[{"embeddable":true,"href":"https:\/\/zjarr.tv\/sq\/wp-json\/wp\/v2\/comments?post=97698"}],"version-history":[{"count":0,"href":"https:\/\/zjarr.tv\/sq\/wp-json\/wp\/v2\/posts\/97698\/revisions"}],"wp:featuredmedia":[{"embeddable":true,"href":"https:\/\/zjarr.tv\/sq\/wp-json\/wp\/v2\/media\/57185"}],"wp:attachment":[{"href":"https:\/\/zjarr.tv\/sq\/wp-json\/wp\/v2\/media?parent=97698"}],"wp:term":[{"taxonomy":"category","embeddable":true,"href":"https:\/\/zjarr.tv\/sq\/wp-json\/wp\/v2\/categories?post=97698"},{"taxonomy":"post_tag","embeddable":true,"href":"https:\/\/zjarr.tv\/sq\/wp-json\/wp\/v2\/tags?post=97698"}],"curies":[{"name":"wp","href":"https:\/\/api.w.org\/{rel}","templated":true}]}}