{"id":97744,"date":"2019-07-21T18:02:04","date_gmt":"2019-07-21T16:02:04","guid":{"rendered":"https:\/\/zjarr.tv\/?p=97744"},"modified":"2019-07-21T18:02:04","modified_gmt":"2019-07-21T16:02:04","slug":"denoncimi-i-qytetarit-ja-si-po-pervetesohet-lulishtja-ne-berat-per-te-ngritur-nje-pallat","status":"publish","type":"post","link":"https:\/\/zjarr.tv\/sq\/denoncimi-i-qytetarit-ja-si-po-pervetesohet-lulishtja-ne-berat-per-te-ngritur-nje-pallat\/","title":{"rendered":"Denoncimi i qytetarit: Ja si po p\u00ebrvet\u00ebsohet lulishtja n\u00eb Berat p\u00ebr t\u00eb ngritur nj\u00eb pallat"},"content":{"rendered":"<p>P\u00ebrvet\u00ebsohet lulishtja n\u00eb zem\u00ebr t\u00eb qytetit t\u00eb Beratit.<\/p>\n<p>Sipas qytetarit, q\u00eb denoncon rastin p\u00ebrmes Facebook-ut t\u00eb ish kryeministrit Sali Berisha, kjo gj\u00eb \u00ebsht\u00eb b\u00ebr\u00eb p\u00ebrmes nj\u00eb kontrat\u00eb fiktive.<\/p>\n<p>Sipas tij, i cili publikon edhe dokumente zyrtare, mbi k\u00ebt\u00eb lulishte duan t\u00eb nd\u00ebrtojn\u00eb nj\u00eb pallat.<\/p>\n<p>\u201cDenoncohet grabitja e lulishtes s\u00eb qytetit t\u00eb Beratit\u201d, shkruan ish kryeministri Sali Berisha, teksa fton t\u00eb lexohet edhe denoncimi i qytetarit.<\/p>\n<p>\u201cPershendetje! Eshte pervetesuar lulishtia e lagjes &#8220;Clirim&#8221; ne qytetin e Beratit nepermjet nje kontrate fiktive. Kjo lulishte ne bashkepunim me drejtues institucionesh dhe drejtues te Z.V.R.P.P.- Berat eshte pervetesuar ne prone private, kulmi arrin se personin e kane pajisur dhe me Certifikate pronesie. Bashkia Berat dhe cdo institucion tjeter ka dijeni, por per shkak te mandateve dhe perfitimeve personale heshtin. Asnje nuk po reagon per kete pamje, duan te ndertojne pallat&#8230; Ju lutem mos heshtni! Me respekt\u201d<\/p>\n<p>&nbsp;<\/p>\n","protected":false},"excerpt":{"rendered":"<p>P\u00ebrvet\u00ebsohet lulishtja n\u00eb zem\u00ebr t\u00eb qytetit t\u00eb Beratit. Sipas qytetarit, q\u00eb denoncon rastin p\u00ebrmes Facebook-ut t\u00eb ish kryeministrit Sali Berisha, kjo gj\u00eb \u00ebsht\u00eb b\u00ebr\u00eb p\u00ebrmes nj\u00eb kontrat\u00eb fiktive. Sipas tij, i cili publikon edhe dokumente zyrtare, mbi k\u00ebt\u00eb lulishte duan t\u00eb nd\u00ebrtojn\u00eb nj\u00eb pallat. \u201cDenoncohet grabitja e lulishtes s\u00eb qytetit t\u00eb Beratit\u201d, shkruan ish kryeministri [&hellip;]<\/p>\n","protected":false},"author":2013,"featured_media":97774,"comment_status":"open","ping_status":"closed","sticky":false,"template":"","format":"standard","meta":{"footnotes":""},"categories":[241,235],"tags":[],"class_list":{"0":"post-97744","1":"post","2":"type-post","3":"status-publish","4":"format-standard","5":"has-post-thumbnail","7":"category-aktualitet","8":"category-vendi"},"_links":{"self":[{"href":"https:\/\/zjarr.tv\/sq\/wp-json\/wp\/v2\/posts\/97744","targetHints":{"allow":["GET"]}}],"collection":[{"href":"https:\/\/zjarr.tv\/sq\/wp-json\/wp\/v2\/posts"}],"about":[{"href":"https:\/\/zjarr.tv\/sq\/wp-json\/wp\/v2\/types\/post"}],"author":[{"embeddable":true,"href":"https:\/\/zjarr.tv\/sq\/wp-json\/wp\/v2\/users\/2013"}],"replies":[{"embeddable":true,"href":"https:\/\/zjarr.tv\/sq\/wp-json\/wp\/v2\/comments?post=97744"}],"version-history":[{"count":0,"href":"https:\/\/zjarr.tv\/sq\/wp-json\/wp\/v2\/posts\/97744\/revisions"}],"wp:featuredmedia":[{"embeddable":true,"href":"https:\/\/zjarr.tv\/sq\/wp-json\/wp\/v2\/media\/97774"}],"wp:attachment":[{"href":"https:\/\/zjarr.tv\/sq\/wp-json\/wp\/v2\/media?parent=97744"}],"wp:term":[{"taxonomy":"category","embeddable":true,"href":"https:\/\/zjarr.tv\/sq\/wp-json\/wp\/v2\/categories?post=97744"},{"taxonomy":"post_tag","embeddable":true,"href":"https:\/\/zjarr.tv\/sq\/wp-json\/wp\/v2\/tags?post=97744"}],"curies":[{"name":"wp","href":"https:\/\/api.w.org\/{rel}","templated":true}]}}