{"id":97745,"date":"2019-07-21T21:00:40","date_gmt":"2019-07-21T19:00:40","guid":{"rendered":"https:\/\/zjarr.tv\/?p=97745"},"modified":"2019-07-21T17:46:13","modified_gmt":"2019-07-21T15:46:13","slug":"pekini-tenton-te-ule-tensionet-tregtare-liberalizon-sektorin-financiar","status":"publish","type":"post","link":"https:\/\/zjarr.tv\/sq\/pekini-tenton-te-ule-tensionet-tregtare-liberalizon-sektorin-financiar\/","title":{"rendered":"Pekini tenton t\u00eb ul\u00eb tensionet tregtare, liberalizon sektorin financiar"},"content":{"rendered":"<p>Kina njoftoi sot q\u00ebllimin e saj p\u00ebr t\u00eb hapur m\u00eb shum\u00eb sektorin e saj financiar p\u00ebr investimet e huaja, q\u00eb n\u00eb vitin 2020, nj\u00eb gjest i vullnetit t\u00eb mir\u00eb drejt Uashingtonit n\u00eb kuad\u00ebr t\u00eb konfliktit tregtar q\u00eb kund\u00ebrv\u00eb dy fuqit\u00eb dhe q\u00eb ka ulur rritjen ekonomike t\u00eb Kin\u00ebs n\u00eb nivelet m\u00eb t\u00eb ul\u00ebta prej 27 vitesh.<\/p>\n<p>Tashm\u00eb, kompanit\u00eb e huaja financiare mund t\u00eb investojn\u00eb n\u00eb Kin\u00eb pa u bllokuar nga nj\u00eb taban q\u00eb limiton pjes\u00ebmarrjen e tyre n\u00eb treg.<\/p>\n<p>\u201cKjo do t\u00eb ndodh\u00eb q\u00eb n\u00eb vitin 2020, nj\u00eb vit m\u00eb her\u00ebt nga sa ishte parashikuar\u201d, njoftoi Komiteti kinez i Stabilitetit Financiar dhe Zhvillimit, n\u00eb nj\u00eb komunikat\u00eb t\u00eb publikuar sot.<\/p>\n<p>Deri tani, kompanit\u00eb e huaja duhej t\u00eb krijonin nj\u00eb partneritet me kompani lokale pasi nuk autorizoheshin t\u00eb kishin m\u00eb shum\u00eb se 49% t\u00eb aksioneve t\u00eb kompanis\u00eb bashk\u00ebpunuese. P\u00ebr pasoj\u00eb, investimet e huaja preknin vet\u00ebm 5,16% t\u00eb tregut n\u00eb fund t\u00eb vitit 2016, n\u00eb nj\u00eb sektor t\u00eb dominuar vet\u00ebm nga disa kompani gjigante kineze.<\/p>\n<p>&nbsp;<\/p>\n","protected":false},"excerpt":{"rendered":"<p>Kina njoftoi sot q\u00ebllimin e saj p\u00ebr t\u00eb hapur m\u00eb shum\u00eb sektorin e saj financiar p\u00ebr investimet e huaja, q\u00eb n\u00eb vitin 2020, nj\u00eb gjest i vullnetit t\u00eb mir\u00eb drejt Uashingtonit n\u00eb kuad\u00ebr t\u00eb konfliktit tregtar q\u00eb kund\u00ebrv\u00eb dy fuqit\u00eb dhe q\u00eb ka ulur rritjen ekonomike t\u00eb Kin\u00ebs n\u00eb nivelet m\u00eb t\u00eb ul\u00ebta prej 27 [&hellip;]<\/p>\n","protected":false},"author":2013,"featured_media":97746,"comment_status":"open","ping_status":"closed","sticky":false,"template":"","format":"standard","meta":{"footnotes":""},"categories":[241,191],"tags":[],"class_list":{"0":"post-97745","1":"post","2":"type-post","3":"status-publish","4":"format-standard","5":"has-post-thumbnail","7":"category-aktualitet","8":"category-bota"},"_links":{"self":[{"href":"https:\/\/zjarr.tv\/sq\/wp-json\/wp\/v2\/posts\/97745","targetHints":{"allow":["GET"]}}],"collection":[{"href":"https:\/\/zjarr.tv\/sq\/wp-json\/wp\/v2\/posts"}],"about":[{"href":"https:\/\/zjarr.tv\/sq\/wp-json\/wp\/v2\/types\/post"}],"author":[{"embeddable":true,"href":"https:\/\/zjarr.tv\/sq\/wp-json\/wp\/v2\/users\/2013"}],"replies":[{"embeddable":true,"href":"https:\/\/zjarr.tv\/sq\/wp-json\/wp\/v2\/comments?post=97745"}],"version-history":[{"count":0,"href":"https:\/\/zjarr.tv\/sq\/wp-json\/wp\/v2\/posts\/97745\/revisions"}],"wp:featuredmedia":[{"embeddable":true,"href":"https:\/\/zjarr.tv\/sq\/wp-json\/wp\/v2\/media\/97746"}],"wp:attachment":[{"href":"https:\/\/zjarr.tv\/sq\/wp-json\/wp\/v2\/media?parent=97745"}],"wp:term":[{"taxonomy":"category","embeddable":true,"href":"https:\/\/zjarr.tv\/sq\/wp-json\/wp\/v2\/categories?post=97745"},{"taxonomy":"post_tag","embeddable":true,"href":"https:\/\/zjarr.tv\/sq\/wp-json\/wp\/v2\/tags?post=97745"}],"curies":[{"name":"wp","href":"https:\/\/api.w.org\/{rel}","templated":true}]}}