{"id":97784,"date":"2019-07-21T18:08:13","date_gmt":"2019-07-21T16:08:13","guid":{"rendered":"https:\/\/zjarr.tv\/?p=97784"},"modified":"2019-07-21T18:08:13","modified_gmt":"2019-07-21T16:08:13","slug":"u-ekzekutua-sot-ne-holande-kush-ishte-festim-lato","status":"publish","type":"post","link":"https:\/\/zjarr.tv\/sq\/u-ekzekutua-sot-ne-holande-kush-ishte-festim-lato\/","title":{"rendered":"U ekzekutua sot n\u00eb Holand\u00eb, kush ishte Festim Lato"},"content":{"rendered":"<p>&nbsp;<\/p>\n<p>Festim Lato, President i vet\u00ebshpallur i republik\u00ebs s\u00eb \u00c7am\u00ebris\u00eb, prej 25 vitesh jetonte n\u00eb Holand\u00eb. Ai njihej si biznesmen, por edhe si nj\u00eb nd\u00ebr aktivist\u00ebt m\u00eb n\u00eb z\u00eb p\u00ebr \u00e7\u00ebshtjen \u00e7ame.<\/p>\n<p>I lindur n\u00eb Vlor\u00eb, Lato, ishte zhvendosur n\u00eb Holand\u00eb, nd\u00ebrsa Republik\u00ebn e \u00c7am\u00ebris\u00eb, e shpalli m\u00eb 30 tetor t\u00eb vitit 2016. Ai madje kishte premtuar n\u00eb vitin 2017 se shum\u00eb shpejt do t\u00eb prodhoheshin edhe 500 pasaportat e para t\u00eb \u00c7am\u00ebris\u00eb.<\/p>\n<p>\u201cN\u00eb nj\u00eb koh\u00eb t\u00eb shkurt\u00ebr, sipas informacioneve q\u00eb un\u00eb kam nga burime t\u00eb ndryshme, di q\u00eb kufijt\u00eb do t\u00eb ndryshojn\u00eb, por n\u00eb favor t\u00eb shqiptar\u00ebve. Asnj\u00eb p\u00ebll\u00ebmb\u00eb tok\u00eb shqiptare nuk do t\u00eb kalojn\u00eb n\u00eb dor\u00eb t\u00eb grek\u00ebve, maqedon\u00ebve apo malazez\u00ebve. T\u00eb gjitha k\u00ebto troje do t\u00eb mblidhen dhe do t\u00eb bashkohen n\u00eb nj\u00eb qend\u00ebr, n\u00eb at\u00eb q\u00eb quhet Shqip\u00ebria Natyrale\u201d, do t\u00eb shprehej Festim Lato pak vite m\u00eb par\u00eb.<\/p>\n<p>Veprimtaria e Shp\u00ebtim Lato ka t\u00ebrhequr v\u00ebmendjen e mediave t\u00eb ndryshme.<\/p>\n<p>N\u00eb mediat greke \u00ebsht\u00eb p\u00ebrfolur gjat\u00eb p\u00ebr Festim Lato duke e cil\u00ebsuar at\u00eb si nj\u00eb person t\u00eb rreziksh\u00ebm p\u00ebr Greqin\u00eb pasi ky individ ka k\u00ebrc\u00ebnuar shtetin Grek se do ti shp\u00ebrb\u00ebj\u00eb pasi nuk ja u fal at\u00eb q\u00eb Greqia i ka b\u00ebr\u00eb popullsis\u00eb \u00c7ame, ku shteti grek \u00ebsht\u00eb n\u00eb gjyq t\u00eb hapur me Festim Lato n\u00eb Gjykat\u00ebn e Hag\u00ebs p\u00ebr Krime Kund\u00ebr Njer\u00ebzimit.<\/p>\n<p>N\u00eb politiken greke, Festim Lato njihet si nje kripto Hebre, i cili \u00ebsht\u00eb i lidhur ngusht\u00eb me Zionist\u00ebt. Nd\u00ebrsa politika shqiptare ka mbajtur thuajse q\u00ebndrim pasiv kundrejt Festim Latos dhe shpesh her\u00eb bllokues ku ai i ka b\u00ebr\u00eb thirrje popullit q\u00eb ti besojn\u00eb atij p\u00ebr nj\u00eb projekt q\u00eb ai ka paraqitur p\u00ebr t\u00eb krijuar nj\u00eb Shqip\u00ebri ku \u00e7dokush do ta kishte \u00ebnd\u00ebrr t\u00eb jetonte, duke p\u00ebrfshir\u00eb edhe territorin e \u00c7ameris\u00eb.<\/p>\n<p>Gjithashtu, n\u00eb vitin 2005 kishte shpallur edhe Ushtrin\u00eb \u00c7lirimtare t\u00eb \u00c7am\u00ebris\u00eb, e cila n\u00eb qytetin e Janin\u00ebs, asokohe i kishte shp\u00ebrndar\u00eb disa fletushka p\u00ebr \u00e7lirimin e \u00c7am\u00ebris\u00eb nga Greqia.<\/p>\n<p>&nbsp;<\/p>\n","protected":false},"excerpt":{"rendered":"<p>&nbsp; Festim Lato, President i vet\u00ebshpallur i republik\u00ebs s\u00eb \u00c7am\u00ebris\u00eb, prej 25 vitesh jetonte n\u00eb Holand\u00eb. Ai njihej si biznesmen, por edhe si nj\u00eb nd\u00ebr aktivist\u00ebt m\u00eb n\u00eb z\u00eb p\u00ebr \u00e7\u00ebshtjen \u00e7ame. I lindur n\u00eb Vlor\u00eb, Lato, ishte zhvendosur n\u00eb Holand\u00eb, nd\u00ebrsa Republik\u00ebn e \u00c7am\u00ebris\u00eb, e shpalli m\u00eb 30 tetor t\u00eb vitit 2016. Ai madje [&hellip;]<\/p>\n","protected":false},"author":2013,"featured_media":97785,"comment_status":"open","ping_status":"closed","sticky":false,"template":"","format":"standard","meta":{"footnotes":""},"categories":[241,235],"tags":[],"class_list":{"0":"post-97784","1":"post","2":"type-post","3":"status-publish","4":"format-standard","5":"has-post-thumbnail","7":"category-aktualitet","8":"category-vendi"},"_links":{"self":[{"href":"https:\/\/zjarr.tv\/sq\/wp-json\/wp\/v2\/posts\/97784","targetHints":{"allow":["GET"]}}],"collection":[{"href":"https:\/\/zjarr.tv\/sq\/wp-json\/wp\/v2\/posts"}],"about":[{"href":"https:\/\/zjarr.tv\/sq\/wp-json\/wp\/v2\/types\/post"}],"author":[{"embeddable":true,"href":"https:\/\/zjarr.tv\/sq\/wp-json\/wp\/v2\/users\/2013"}],"replies":[{"embeddable":true,"href":"https:\/\/zjarr.tv\/sq\/wp-json\/wp\/v2\/comments?post=97784"}],"version-history":[{"count":0,"href":"https:\/\/zjarr.tv\/sq\/wp-json\/wp\/v2\/posts\/97784\/revisions"}],"wp:featuredmedia":[{"embeddable":true,"href":"https:\/\/zjarr.tv\/sq\/wp-json\/wp\/v2\/media\/97785"}],"wp:attachment":[{"href":"https:\/\/zjarr.tv\/sq\/wp-json\/wp\/v2\/media?parent=97784"}],"wp:term":[{"taxonomy":"category","embeddable":true,"href":"https:\/\/zjarr.tv\/sq\/wp-json\/wp\/v2\/categories?post=97784"},{"taxonomy":"post_tag","embeddable":true,"href":"https:\/\/zjarr.tv\/sq\/wp-json\/wp\/v2\/tags?post=97784"}],"curies":[{"name":"wp","href":"https:\/\/api.w.org\/{rel}","templated":true}]}}