{"id":97863,"date":"2019-07-22T12:18:46","date_gmt":"2019-07-22T10:18:46","guid":{"rendered":"https:\/\/zjarr.tv\/?p=97863"},"modified":"2019-07-22T12:18:46","modified_gmt":"2019-07-22T10:18:46","slug":"komisioni-hetimor-i-nis-sot-letren-komisionit-te-venecias-per-shkarkimin-e-metes","status":"publish","type":"post","link":"https:\/\/zjarr.tv\/sq\/komisioni-hetimor-i-nis-sot-letren-komisionit-te-venecias-per-shkarkimin-e-metes\/","title":{"rendered":"Komisioni Hetimor i nis sot letr\u00ebn Komisionit t\u00eb Venecias p\u00ebr shkarkimin e Met\u00ebs"},"content":{"rendered":"<p>Komisioni Hetimor pritet ti nis\u00eb sot Komisionit t\u00eb Venecias letr\u00ebn p\u00ebr shkarkimin e Presidentit Ilir Meta.<\/p>\n<p>Komisioni ka k\u00ebrkuar marrjen e nj\u00eb opinioni nga Komisioni i Venecias p\u00ebr shkeljet kushtetuese, sipas tyre, t\u00eb Presidentit.<\/p>\n<p>Komisioni Hetimor u ngrit nj\u00eb muaj pas dekretit t\u00eb Kreut t\u00eb Shtetit p\u00ebr anulimin e zgjedhjeve t\u00eb 30 Qershorit.<\/p>\n<p>Ky \u00ebsht\u00eb komisioni i par\u00eb hetimor n\u00eb historin\u00eb e pluralizimi p\u00ebr shkarkimin e Presidentit.<\/p>\n<p>Ilir Meta do t\u00eb hetohet p\u00ebr nj\u00eb periudh\u00eb 3-mujore nga kryetari Ulsi Manja dhe 8 deputet\u00eb t\u00eb tjer\u00eb, 4 nga mazhoranca dhe 4 nga opozita p\u00ebr shkelje t\u00eb r\u00ebnd\u00eb t\u00eb Kushtetut\u00ebs sipas k\u00ebrkes\u00ebs s\u00eb b\u00ebr\u00eb nga 55 deputet\u00eb socialist\u00eb.<\/p>\n<p>N\u00ebse komisioni hetimor do t\u2019i k\u00ebrkoj\u00eb Parlamentit shkarkimin e Met\u00ebs, ai do t\u00eb b\u00ebhet Presidenti i par\u00eb i shkakrkuar nga parlamenti, pavar\u00ebsisht se fjal\u00ebn e fundit p\u00ebr largimin e tij nga ky post duhet ta jap\u00eb Gjykata Kushtetuese.<\/p>\n<p>&nbsp;<\/p>\n","protected":false},"excerpt":{"rendered":"<p>Komisioni Hetimor pritet ti nis\u00eb sot Komisionit t\u00eb Venecias letr\u00ebn p\u00ebr shkarkimin e Presidentit Ilir Meta. Komisioni ka k\u00ebrkuar marrjen e nj\u00eb opinioni nga Komisioni i Venecias p\u00ebr shkeljet kushtetuese, sipas tyre, t\u00eb Presidentit. Komisioni Hetimor u ngrit nj\u00eb muaj pas dekretit t\u00eb Kreut t\u00eb Shtetit p\u00ebr anulimin e zgjedhjeve t\u00eb 30 Qershorit. Ky \u00ebsht\u00eb [&hellip;]<\/p>\n","protected":false},"author":2013,"featured_media":94050,"comment_status":"open","ping_status":"closed","sticky":false,"template":"","format":"standard","meta":{"footnotes":""},"categories":[241,235],"tags":[],"class_list":{"0":"post-97863","1":"post","2":"type-post","3":"status-publish","4":"format-standard","5":"has-post-thumbnail","7":"category-aktualitet","8":"category-vendi"},"_links":{"self":[{"href":"https:\/\/zjarr.tv\/sq\/wp-json\/wp\/v2\/posts\/97863","targetHints":{"allow":["GET"]}}],"collection":[{"href":"https:\/\/zjarr.tv\/sq\/wp-json\/wp\/v2\/posts"}],"about":[{"href":"https:\/\/zjarr.tv\/sq\/wp-json\/wp\/v2\/types\/post"}],"author":[{"embeddable":true,"href":"https:\/\/zjarr.tv\/sq\/wp-json\/wp\/v2\/users\/2013"}],"replies":[{"embeddable":true,"href":"https:\/\/zjarr.tv\/sq\/wp-json\/wp\/v2\/comments?post=97863"}],"version-history":[{"count":0,"href":"https:\/\/zjarr.tv\/sq\/wp-json\/wp\/v2\/posts\/97863\/revisions"}],"wp:featuredmedia":[{"embeddable":true,"href":"https:\/\/zjarr.tv\/sq\/wp-json\/wp\/v2\/media\/94050"}],"wp:attachment":[{"href":"https:\/\/zjarr.tv\/sq\/wp-json\/wp\/v2\/media?parent=97863"}],"wp:term":[{"taxonomy":"category","embeddable":true,"href":"https:\/\/zjarr.tv\/sq\/wp-json\/wp\/v2\/categories?post=97863"},{"taxonomy":"post_tag","embeddable":true,"href":"https:\/\/zjarr.tv\/sq\/wp-json\/wp\/v2\/tags?post=97863"}],"curies":[{"name":"wp","href":"https:\/\/api.w.org\/{rel}","templated":true}]}}