{"id":97869,"date":"2019-07-22T13:41:10","date_gmt":"2019-07-22T11:41:10","guid":{"rendered":"https:\/\/zjarr.tv\/?p=97869"},"modified":"2019-07-22T13:41:10","modified_gmt":"2019-07-22T11:41:10","slug":"lufta-per-teatrin-qeveria-i-nderpret-ujin-shkon-dhe-policia","status":"publish","type":"post","link":"https:\/\/zjarr.tv\/sq\/lufta-per-teatrin-qeveria-i-nderpret-ujin-shkon-dhe-policia\/","title":{"rendered":"Lufta p\u00ebr teatrin, qeveria i nd\u00ebrpret ujin, shkon dhe policia"},"content":{"rendered":"<p>Pak dit\u00eb m\u00eb par\u00eb njerz q\u00eb nuk identifikoheshin kishin filluar zbarzjen e godin\u00ebs s\u00eb teatrit nga objektet q\u00eb gjenden n\u00eb brend\u00ebsi.<\/p>\n<p>Nd\u00ebkorh\u00eb q\u00eb sot forca t\u00eb shumta policia kan\u00eb rrethuar Teatrin Komb\u00ebtar por jan\u00eb larguar pak m\u00eb von\u00eb.<\/p>\n<p>M\u00ebsohet se Ministra e Kultur\u00ebs i ka b\u00ebr\u00eb nj\u00eb shkres\u00eb Teatrti Komb\u00ebtar q\u00eb t\u00eb boshatiset sa m\u00eb shpejt godina.<\/p>\n<p>\u201cGjat\u00eb paradites \u00ebsht\u00eb b\u00ebr\u00eb prerja e lidhjes s\u00eb ujit\u201d, kan\u00eb deklaruar artist\u00ebt.<\/p>\n<p>&nbsp;<\/p>\n","protected":false},"excerpt":{"rendered":"<p>Pak dit\u00eb m\u00eb par\u00eb njerz q\u00eb nuk identifikoheshin kishin filluar zbarzjen e godin\u00ebs s\u00eb teatrit nga objektet q\u00eb gjenden n\u00eb brend\u00ebsi. Nd\u00ebkorh\u00eb q\u00eb sot forca t\u00eb shumta policia kan\u00eb rrethuar Teatrin Komb\u00ebtar por jan\u00eb larguar pak m\u00eb von\u00eb. M\u00ebsohet se Ministra e Kultur\u00ebs i ka b\u00ebr\u00eb nj\u00eb shkres\u00eb Teatrti Komb\u00ebtar q\u00eb t\u00eb boshatiset sa m\u00eb [&hellip;]<\/p>\n","protected":false},"author":2013,"featured_media":97870,"comment_status":"open","ping_status":"closed","sticky":false,"template":"","format":"standard","meta":{"footnotes":""},"categories":[241,235],"tags":[],"class_list":{"0":"post-97869","1":"post","2":"type-post","3":"status-publish","4":"format-standard","5":"has-post-thumbnail","7":"category-aktualitet","8":"category-vendi"},"_links":{"self":[{"href":"https:\/\/zjarr.tv\/sq\/wp-json\/wp\/v2\/posts\/97869","targetHints":{"allow":["GET"]}}],"collection":[{"href":"https:\/\/zjarr.tv\/sq\/wp-json\/wp\/v2\/posts"}],"about":[{"href":"https:\/\/zjarr.tv\/sq\/wp-json\/wp\/v2\/types\/post"}],"author":[{"embeddable":true,"href":"https:\/\/zjarr.tv\/sq\/wp-json\/wp\/v2\/users\/2013"}],"replies":[{"embeddable":true,"href":"https:\/\/zjarr.tv\/sq\/wp-json\/wp\/v2\/comments?post=97869"}],"version-history":[{"count":0,"href":"https:\/\/zjarr.tv\/sq\/wp-json\/wp\/v2\/posts\/97869\/revisions"}],"wp:featuredmedia":[{"embeddable":true,"href":"https:\/\/zjarr.tv\/sq\/wp-json\/wp\/v2\/media\/97870"}],"wp:attachment":[{"href":"https:\/\/zjarr.tv\/sq\/wp-json\/wp\/v2\/media?parent=97869"}],"wp:term":[{"taxonomy":"category","embeddable":true,"href":"https:\/\/zjarr.tv\/sq\/wp-json\/wp\/v2\/categories?post=97869"},{"taxonomy":"post_tag","embeddable":true,"href":"https:\/\/zjarr.tv\/sq\/wp-json\/wp\/v2\/tags?post=97869"}],"curies":[{"name":"wp","href":"https:\/\/api.w.org\/{rel}","templated":true}]}}