{"id":97877,"date":"2019-07-22T13:56:41","date_gmt":"2019-07-22T11:56:41","guid":{"rendered":"https:\/\/zjarr.tv\/?p=97877"},"modified":"2019-07-22T13:56:41","modified_gmt":"2019-07-22T11:56:41","slug":"clirim-gjata-edi-rama-armiku-me-i-madh-i-reformes-ne-drejtesi","status":"publish","type":"post","link":"https:\/\/zjarr.tv\/sq\/clirim-gjata-edi-rama-armiku-me-i-madh-i-reformes-ne-drejtesi\/","title":{"rendered":"\u00c7lirim Gjata: Edi Rama armiku m\u00eb i madh i reform\u00ebs n\u00eb drejt\u00ebsi"},"content":{"rendered":"<p>Sekretari p\u00ebr \u00c7\u00ebshtjet Ligjore pran\u00eb PD \u00c7lirim Gjata n\u00eb nj\u00eb deklarat\u00eb p\u00ebr mediat deklaroi se 3 vjet pas miratimit t\u00eb reform\u00ebs n\u00eb drejt\u00ebsi, Edi Rama mbetet armiku m\u00eb i madh i k\u00ebsaj reforme.<\/p>\n<p>Gjata shprehet se shqiptar\u00ebt sot jan\u00eb d\u00ebshmitar\u00eb sesi Rama ka kapur drejt\u00ebsin\u00eb, sesi asnj\u00eb politikan n\u00eb pushtet nuk d\u00ebnohet dhe sesi banda e Rilindjes, sipas tij, \u00ebsht\u00eb n\u00eb qeverisje.<\/p>\n<p><strong>\u201c<\/strong>Tre vjet pas miratimit t\u00eb reform\u00ebs \u00ebn drejt\u00ebsi, shqiptar\u00ebt jan\u00eb d\u00ebshmitar\u00eb se asnj\u00eb politikan nuk ka dal\u00eb p\u00ebrpara drejt\u00ebsis\u00eb. Drejt\u00ebsia private e Ram\u00ebs \u00ebsht\u00eb b\u00ebr\u00eb mbroj\u00eb e \u00e7do pushtetari apo krimineli q\u00eb i sh\u00ebrben Ram\u00ebns. Rama ka mb\u00ebshtetur Vangjush Dakon, njeriun q\u00eb duhet t\u00eb ishte sot n\u00eb burg p\u00ebr vjedhje votash. Kjo drejt\u00ebsi \u00ebsht\u00eb kapur dhe aspak e pavarur.\u201d, tha Gjata.<\/p>\n<p>N\u00eb lidhje me vendimin e Gjykat\u00ebs s\u00eb Durr\u00ebsit p\u00ebr t\u2019i dh\u00ebn\u00eb mandatin e kryebashkiakes Valbona Sako, pasi m\u00eb her\u00ebt nuk ia kishte dhuruar, Gjata tha se vendimi i dyt\u00eb \u00ebsht\u00eb b\u00ebr\u00eb me urdh\u00ebr politik.<\/p>\n<p>\u201cKjo \u00ebsht\u00eb nj\u00eb drejt\u00ebsi private. Vendimi i Gjykat\u00ebs n\u00eb Durr\u00ebs \u00ebsht\u00eb skandaloz, i pad\u00ebgjuar n\u00eb asnj\u00eb vend europian . Kjo \u00ebsht\u00eb d\u00ebshmia m\u00eb trondit\u00ebse se Rama ka kapur drejt\u00ebsin\u00eb. Ky vendim na jep t\u00eb kuptojm\u00eb se Rama ka kapur totalisht drejt\u00ebsin\u00eb. Te vjet pas reform\u00ebs, Rama ka kapur reform\u00ebn n\u00eb drejt\u00ebsi. Vendimi i Gjykat\u00ebs n\u00eb Durr\u00ebs p\u00ebr Valbona Sakon nuk i p\u00eblqeu Ram\u00ebs dhe e ndryshuan\u201d, deklaroi Gjata.<\/p>\n<p>&nbsp;<\/p>\n","protected":false},"excerpt":{"rendered":"<p>Sekretari p\u00ebr \u00c7\u00ebshtjet Ligjore pran\u00eb PD \u00c7lirim Gjata n\u00eb nj\u00eb deklarat\u00eb p\u00ebr mediat deklaroi se 3 vjet pas miratimit t\u00eb reform\u00ebs n\u00eb drejt\u00ebsi, Edi Rama mbetet armiku m\u00eb i madh i k\u00ebsaj reforme. Gjata shprehet se shqiptar\u00ebt sot jan\u00eb d\u00ebshmitar\u00eb sesi Rama ka kapur drejt\u00ebsin\u00eb, sesi asnj\u00eb politikan n\u00eb pushtet nuk d\u00ebnohet dhe sesi banda [&hellip;]<\/p>\n","protected":false},"author":2013,"featured_media":0,"comment_status":"open","ping_status":"closed","sticky":false,"template":"","format":"standard","meta":{"footnotes":""},"categories":[241,235],"tags":[],"class_list":{"0":"post-97877","1":"post","2":"type-post","3":"status-publish","4":"format-standard","6":"category-aktualitet","7":"category-vendi"},"_links":{"self":[{"href":"https:\/\/zjarr.tv\/sq\/wp-json\/wp\/v2\/posts\/97877","targetHints":{"allow":["GET"]}}],"collection":[{"href":"https:\/\/zjarr.tv\/sq\/wp-json\/wp\/v2\/posts"}],"about":[{"href":"https:\/\/zjarr.tv\/sq\/wp-json\/wp\/v2\/types\/post"}],"author":[{"embeddable":true,"href":"https:\/\/zjarr.tv\/sq\/wp-json\/wp\/v2\/users\/2013"}],"replies":[{"embeddable":true,"href":"https:\/\/zjarr.tv\/sq\/wp-json\/wp\/v2\/comments?post=97877"}],"version-history":[{"count":0,"href":"https:\/\/zjarr.tv\/sq\/wp-json\/wp\/v2\/posts\/97877\/revisions"}],"wp:attachment":[{"href":"https:\/\/zjarr.tv\/sq\/wp-json\/wp\/v2\/media?parent=97877"}],"wp:term":[{"taxonomy":"category","embeddable":true,"href":"https:\/\/zjarr.tv\/sq\/wp-json\/wp\/v2\/categories?post=97877"},{"taxonomy":"post_tag","embeddable":true,"href":"https:\/\/zjarr.tv\/sq\/wp-json\/wp\/v2\/tags?post=97877"}],"curies":[{"name":"wp","href":"https:\/\/api.w.org\/{rel}","templated":true}]}}