{"id":97884,"date":"2019-07-22T14:03:49","date_gmt":"2019-07-22T12:03:49","guid":{"rendered":"https:\/\/zjarr.tv\/?p=97884"},"modified":"2019-07-22T14:03:49","modified_gmt":"2019-07-22T12:03:49","slug":"riatdhesohen-680-shqiptare-nga-italia-ne-shqiperi","status":"publish","type":"post","link":"https:\/\/zjarr.tv\/sq\/riatdhesohen-680-shqiptare-nga-italia-ne-shqiperi\/","title":{"rendered":"Riatdhesohen 680 shqiptar\u00eb nga Italia n\u00eb Shqip\u00ebri"},"content":{"rendered":"<p>N\u00eb gjasht\u00eb mujorin e par\u00eb t\u00eb 2019, 680 emigrant\u00eb t\u00eb parregullt shqiptar\u00eb jan\u00eb riatdhesuar nga Italia n\u00eb Shqip\u00ebri duke u renditur n\u00eb vendin e par\u00eb n\u00eb list\u00ebn e emigrant\u00ebve t\u00eb komb\u00ebsive t\u00eb ndryshme t\u00eb identifikuar nga autoritetet italiane.<\/p>\n<p>K\u00ebto t\u00eb dh\u00ebna zyrtare jan\u00eb prezantuar n\u00eb nj\u00eb raport mbi situat\u00ebn e emigracionit n\u00eb Itali n\u00eb Komisionin e \u00c7\u00ebshtjeve Kushtetuese n\u00eb Parlamentin Italian,<\/p>\n<p>N\u00eb gjasht\u00eb mujorin e par\u00eb t\u00eb 2019 nga territori italian jan\u00eb riatdhesuar drejt vendeve t\u00eb origjin\u00ebs 2839 emigrant\u00eb t\u00eb parregullt \u00a0dhe n\u00eb vendin e par\u00eb renditen emigrant\u00ebt shqiptar\u00eb.<\/p>\n<p>Deri n\u00eb fund t\u00eb 2019 parashikohet q\u00eb numri i emigrant\u00ebve t\u00eb riatdhesuar t\u00eb jet\u00eb rreth 6000, shif\u00ebr kjo n\u00eb koherenc\u00eb me vitet e m\u00ebparshme.<\/p>\n<p>N\u00eb vendin e dyt\u00eb pas shqiptar\u00ebve renditen emigrant\u00ebt e parregullt nga Tunizia dhe jan\u00eb riatdhesuar rreth 300 prej tyre n\u00eb gjysm\u00ebn e par\u00eb t\u00eb vitit 2019. M\u00eb pas emigrant\u00ebt nga Peru, Ukrain\u00eb, Kina etj.<\/p>\n<p>Raporti i Komisionit parlamentar italian informon se emigrant\u00ebt e riatdhesuar p\u00ebrb\u00ebjn\u00eb vet\u00ebm 39 % t\u00eb numrit t\u00eb emigrant\u00ebve t\u00eb parregullt q\u00eb kan\u00eb marr\u00eb urdhrin e d\u00ebbimit nga territori italian.<\/p>\n<p>N\u00eb k\u00ebt\u00eb raport t\u00ebrhiqet v\u00ebm\u00ebndjo ndaj kampeve t\u00eb q\u00ebndrimit t\u00eb emigrant\u00ebve t\u00eb parregullt n\u00eb Itali , deri n\u00eb pritje t\u00eb riatdhesimit t\u00eb tyre, t\u00eb cilat jan\u00eb n\u00eb kushte jo t\u00eb mira higjienike.<\/p>\n<p>&nbsp;<\/p>\n","protected":false},"excerpt":{"rendered":"<p>N\u00eb gjasht\u00eb mujorin e par\u00eb t\u00eb 2019, 680 emigrant\u00eb t\u00eb parregullt shqiptar\u00eb jan\u00eb riatdhesuar nga Italia n\u00eb Shqip\u00ebri duke u renditur n\u00eb vendin e par\u00eb n\u00eb list\u00ebn e emigrant\u00ebve t\u00eb komb\u00ebsive t\u00eb ndryshme t\u00eb identifikuar nga autoritetet italiane. K\u00ebto t\u00eb dh\u00ebna zyrtare jan\u00eb prezantuar n\u00eb nj\u00eb raport mbi situat\u00ebn e emigracionit n\u00eb Itali n\u00eb Komisionin [&hellip;]<\/p>\n","protected":false},"author":2013,"featured_media":60970,"comment_status":"open","ping_status":"closed","sticky":false,"template":"","format":"standard","meta":{"footnotes":""},"categories":[241,235],"tags":[],"class_list":{"0":"post-97884","1":"post","2":"type-post","3":"status-publish","4":"format-standard","5":"has-post-thumbnail","7":"category-aktualitet","8":"category-vendi"},"_links":{"self":[{"href":"https:\/\/zjarr.tv\/sq\/wp-json\/wp\/v2\/posts\/97884","targetHints":{"allow":["GET"]}}],"collection":[{"href":"https:\/\/zjarr.tv\/sq\/wp-json\/wp\/v2\/posts"}],"about":[{"href":"https:\/\/zjarr.tv\/sq\/wp-json\/wp\/v2\/types\/post"}],"author":[{"embeddable":true,"href":"https:\/\/zjarr.tv\/sq\/wp-json\/wp\/v2\/users\/2013"}],"replies":[{"embeddable":true,"href":"https:\/\/zjarr.tv\/sq\/wp-json\/wp\/v2\/comments?post=97884"}],"version-history":[{"count":0,"href":"https:\/\/zjarr.tv\/sq\/wp-json\/wp\/v2\/posts\/97884\/revisions"}],"wp:featuredmedia":[{"embeddable":true,"href":"https:\/\/zjarr.tv\/sq\/wp-json\/wp\/v2\/media\/60970"}],"wp:attachment":[{"href":"https:\/\/zjarr.tv\/sq\/wp-json\/wp\/v2\/media?parent=97884"}],"wp:term":[{"taxonomy":"category","embeddable":true,"href":"https:\/\/zjarr.tv\/sq\/wp-json\/wp\/v2\/categories?post=97884"},{"taxonomy":"post_tag","embeddable":true,"href":"https:\/\/zjarr.tv\/sq\/wp-json\/wp\/v2\/tags?post=97884"}],"curies":[{"name":"wp","href":"https:\/\/api.w.org\/{rel}","templated":true}]}}