{"id":97889,"date":"2019-07-22T14:16:20","date_gmt":"2019-07-22T12:16:20","guid":{"rendered":"https:\/\/zjarr.tv\/?p=97889"},"modified":"2019-07-22T14:16:20","modified_gmt":"2019-07-22T12:16:20","slug":"zbulohet-shuma-ja-sa-do-i-kene-rrogat-prokuroret-e-spak-ut","status":"publish","type":"post","link":"https:\/\/zjarr.tv\/sq\/zbulohet-shuma-ja-sa-do-i-kene-rrogat-prokuroret-e-spak-ut\/","title":{"rendered":"Zbulohet shuma\/ Ja sa do i ken\u00eb rrogat prokuror\u00ebt e SPAK-ut"},"content":{"rendered":"<p>Ngritja e institucioneve t\u00eb reja t\u00eb drejt\u00ebsis\u00eb, n\u00eb m\u00ebnyr\u00eb t\u00eb ve\u00e7ant\u00eb t\u00eb Struktur\u00ebs s\u00eb Posa\u00e7me Antikorrupsion (SPAK), q\u00eb do t\u00eb merret me hetimin e zyrtar\u00ebve t\u00eb lart\u00eb t\u00eb korruptuar, pritet t\u00eb shoq\u00ebrohet dhe me miratimin e pagave p\u00ebr prokuror\u00ebt, t\u00eb cil\u00ebt do t\u00eb jen\u00eb pjes\u00eb e k\u00ebsaj nj\u00ebsie.<\/p>\n<p>N\u00eb nj\u00eb intervist\u00eb dh\u00ebn\u00eb p\u00ebr seksionin n\u00eb shqip t\u00eb prestigjiozes gjermane \u2018Deutsche Well\u00eb\u2019, kreu i K\u00ebshillit t\u00eb Lart\u00eb t\u00eb Prokuroris\u00eb (KLP), Gent Ibrahimi, ka b\u00ebr\u00eb me dije se paga p\u00ebr nj\u00eb prokuror t\u00eb SPAK duhet t\u00eb nis\u00eb nga 1500 euro dhe t\u00eb arrij\u00eb shum\u00ebn e 2500 eurove, me q\u00ebllim parandalimin e korruptimit t\u00eb tyre.<\/p>\n<p><em>\u00a0\u2018\u00c7do institucion ka rrezikun e kalb\u00ebzimit nga brenda.<\/em><\/p>\n<p><em>Edhe prokuror\u00ebt e SPAK mund t\u00eb b\u00ebhen viktima t\u00eb korrupsionit.<\/em><\/p>\n<p><em>Por ata do t\u00eb jen\u00eb n\u00ebn kontroll t\u00eb vazhduesh\u00ebm nga brenda institucionit. Nga ana tjet\u00ebr p\u00ebr ta minimizuar mund\u00ebsin\u00eb e r\u00ebnies pre t\u00eb korrupsionit pagat e tyre u japin mund\u00ebsi t\u00eb jetojn\u00eb me dinjitet pa u korruptuar.<\/em><\/p>\n<p><em>Prokurori i SPAK e ka pag\u00ebn mujore 1500 euro q\u00eb dit\u00ebn e par\u00eb t\u00eb pun\u00ebs.<\/em><\/p>\n<p><em>KLP i ka propozuar qeveris\u00eb t\u2019i rris\u00eb deri n\u00eb 2.500 euro\u2019,\u00a0<\/em>ka th\u00ebn\u00eb Ibrahimi p\u00ebr DW.<\/p>\n<p>&nbsp;<\/p>\n<p>&nbsp;<\/p>\n","protected":false},"excerpt":{"rendered":"<p>Ngritja e institucioneve t\u00eb reja t\u00eb drejt\u00ebsis\u00eb, n\u00eb m\u00ebnyr\u00eb t\u00eb ve\u00e7ant\u00eb t\u00eb Struktur\u00ebs s\u00eb Posa\u00e7me Antikorrupsion (SPAK), q\u00eb do t\u00eb merret me hetimin e zyrtar\u00ebve t\u00eb lart\u00eb t\u00eb korruptuar, pritet t\u00eb shoq\u00ebrohet dhe me miratimin e pagave p\u00ebr prokuror\u00ebt, t\u00eb cil\u00ebt do t\u00eb jen\u00eb pjes\u00eb e k\u00ebsaj nj\u00ebsie. N\u00eb nj\u00eb intervist\u00eb dh\u00ebn\u00eb p\u00ebr seksionin n\u00eb [&hellip;]<\/p>\n","protected":false},"author":2013,"featured_media":97890,"comment_status":"open","ping_status":"closed","sticky":false,"template":"","format":"standard","meta":{"footnotes":""},"categories":[241,235],"tags":[],"class_list":{"0":"post-97889","1":"post","2":"type-post","3":"status-publish","4":"format-standard","5":"has-post-thumbnail","7":"category-aktualitet","8":"category-vendi"},"_links":{"self":[{"href":"https:\/\/zjarr.tv\/sq\/wp-json\/wp\/v2\/posts\/97889","targetHints":{"allow":["GET"]}}],"collection":[{"href":"https:\/\/zjarr.tv\/sq\/wp-json\/wp\/v2\/posts"}],"about":[{"href":"https:\/\/zjarr.tv\/sq\/wp-json\/wp\/v2\/types\/post"}],"author":[{"embeddable":true,"href":"https:\/\/zjarr.tv\/sq\/wp-json\/wp\/v2\/users\/2013"}],"replies":[{"embeddable":true,"href":"https:\/\/zjarr.tv\/sq\/wp-json\/wp\/v2\/comments?post=97889"}],"version-history":[{"count":0,"href":"https:\/\/zjarr.tv\/sq\/wp-json\/wp\/v2\/posts\/97889\/revisions"}],"wp:featuredmedia":[{"embeddable":true,"href":"https:\/\/zjarr.tv\/sq\/wp-json\/wp\/v2\/media\/97890"}],"wp:attachment":[{"href":"https:\/\/zjarr.tv\/sq\/wp-json\/wp\/v2\/media?parent=97889"}],"wp:term":[{"taxonomy":"category","embeddable":true,"href":"https:\/\/zjarr.tv\/sq\/wp-json\/wp\/v2\/categories?post=97889"},{"taxonomy":"post_tag","embeddable":true,"href":"https:\/\/zjarr.tv\/sq\/wp-json\/wp\/v2\/tags?post=97889"}],"curies":[{"name":"wp","href":"https:\/\/api.w.org\/{rel}","templated":true}]}}