{"id":97892,"date":"2019-07-22T14:17:35","date_gmt":"2019-07-22T12:17:35","guid":{"rendered":"https:\/\/zjarr.tv\/?p=97892"},"modified":"2019-07-22T14:17:35","modified_gmt":"2019-07-22T12:17:35","slug":"projekti-i-tk-basha-nga-arkitektet-tek-zyrtaret-te-gjithe-do-dilni-para-drejtesise","status":"publish","type":"post","link":"https:\/\/zjarr.tv\/sq\/projekti-i-tk-basha-nga-arkitektet-tek-zyrtaret-te-gjithe-do-dilni-para-drejtesise\/","title":{"rendered":"Projekti i TK, Basha: Nga arkitekt\u00ebt tek zyrtar\u00ebt, t\u00eb gjith\u00eb do dilni para drejt\u00ebsis\u00eb"},"content":{"rendered":"<p>Nga Lulzim Basha<\/p>\n<p>Projekti i teatrit komb\u00ebtar \u00ebsht\u00eb projekt kriminal grabitqar.<\/p>\n<p>Ai ka vet\u00ebm nj\u00eb q\u00ebllim: grabitjen nga Rama t\u00eb dhjet\u00ebra milionave euro.<\/p>\n<p>Nj\u00ebsoj si projekti i stadiumit, ku Edi Rama \u00ebsht\u00eb pronari i v\u00ebrtet\u00eb i gjysm\u00ebs tij. Nj\u00ebsoj si projekti i unaz\u00ebs ku Edi Rama do vjedh\u00eb miliona euro.<\/p>\n<p>Nj\u00eb hajdut psikik q\u00eb nuk ngopet pa vjedhur t\u00eb gjith\u00eb Shqip\u00ebrin\u00eb.<\/p>\n<p>Dua t\u2019i them tro\u00e7 \u00e7do arkitekti t\u00eb huaj e vendas, \u00e7do funksionari, \u00e7do drejtuesi nga m\u00eb i par\u00ebnd\u00ebsishmi tek Edi Rama se do t\u00eb p\u00ebrgjigjen para drejt\u00ebsis\u00eb p\u00ebr k\u00ebt\u00eb korrupsion masiv dhe krimin q\u00eb po i b\u00ebjn\u00eb pasurive dhe parave publike.<\/p>\n<p>Atyre q\u00eb mendojn\u00eb se do t\u00eb nd\u00ebrtojn\u00eb, dua t\u2019ju them se nd\u00ebrtimi do t\u00eb jet\u00eb burgu i tyre. Dua t\u2019u them qart\u00eb: gropa q\u00eb mendojn\u00eb se do t\u00eb hapin n\u00eb truallin e teatrit do t\u00eb jet\u00eb gropa e tyre.<\/p>\n","protected":false},"excerpt":{"rendered":"<p>Nga Lulzim Basha Projekti i teatrit komb\u00ebtar \u00ebsht\u00eb projekt kriminal grabitqar. Ai ka vet\u00ebm nj\u00eb q\u00ebllim: grabitjen nga Rama t\u00eb dhjet\u00ebra milionave euro. Nj\u00ebsoj si projekti i stadiumit, ku Edi Rama \u00ebsht\u00eb pronari i v\u00ebrtet\u00eb i gjysm\u00ebs tij. Nj\u00ebsoj si projekti i unaz\u00ebs ku Edi Rama do vjedh\u00eb miliona euro. Nj\u00eb hajdut psikik q\u00eb nuk [&hellip;]<\/p>\n","protected":false},"author":2013,"featured_media":96738,"comment_status":"open","ping_status":"closed","sticky":false,"template":"","format":"standard","meta":{"footnotes":""},"categories":[241,235],"tags":[],"class_list":{"0":"post-97892","1":"post","2":"type-post","3":"status-publish","4":"format-standard","5":"has-post-thumbnail","7":"category-aktualitet","8":"category-vendi"},"_links":{"self":[{"href":"https:\/\/zjarr.tv\/sq\/wp-json\/wp\/v2\/posts\/97892","targetHints":{"allow":["GET"]}}],"collection":[{"href":"https:\/\/zjarr.tv\/sq\/wp-json\/wp\/v2\/posts"}],"about":[{"href":"https:\/\/zjarr.tv\/sq\/wp-json\/wp\/v2\/types\/post"}],"author":[{"embeddable":true,"href":"https:\/\/zjarr.tv\/sq\/wp-json\/wp\/v2\/users\/2013"}],"replies":[{"embeddable":true,"href":"https:\/\/zjarr.tv\/sq\/wp-json\/wp\/v2\/comments?post=97892"}],"version-history":[{"count":0,"href":"https:\/\/zjarr.tv\/sq\/wp-json\/wp\/v2\/posts\/97892\/revisions"}],"wp:featuredmedia":[{"embeddable":true,"href":"https:\/\/zjarr.tv\/sq\/wp-json\/wp\/v2\/media\/96738"}],"wp:attachment":[{"href":"https:\/\/zjarr.tv\/sq\/wp-json\/wp\/v2\/media?parent=97892"}],"wp:term":[{"taxonomy":"category","embeddable":true,"href":"https:\/\/zjarr.tv\/sq\/wp-json\/wp\/v2\/categories?post=97892"},{"taxonomy":"post_tag","embeddable":true,"href":"https:\/\/zjarr.tv\/sq\/wp-json\/wp\/v2\/tags?post=97892"}],"curies":[{"name":"wp","href":"https:\/\/api.w.org\/{rel}","templated":true}]}}