{"id":97898,"date":"2019-07-22T14:51:33","date_gmt":"2019-07-22T12:51:33","guid":{"rendered":"https:\/\/zjarr.tv\/?p=97898"},"modified":"2019-07-22T14:51:33","modified_gmt":"2019-07-22T12:51:33","slug":"aksident-i-rende-ne-shkoder-plagosen-2-persona","status":"publish","type":"post","link":"https:\/\/zjarr.tv\/sq\/aksident-i-rende-ne-shkoder-plagosen-2-persona\/","title":{"rendered":"Aksident i r\u00ebnd\u00eb n\u00eb Shkod\u00ebr, plagosen 2 persona"},"content":{"rendered":"<p>Nj\u00eb aksident i r\u00ebnd\u00eb ka ndodhur pasditen e sotme n\u00eb Beltoj\u00eb t\u00eb Shkodr\u00ebs.<\/p>\n<p>M\u00ebsohet se n\u00eb aksident jan\u00eb p\u00ebrfshir\u00eb nj\u00eb makin\u00eb, nj\u00eb bi\u00e7iklet\u00eb dhe nj\u00eb motor, e p\u00ebr pasoj\u00eb kan\u00eb mbetur t\u00eb plagosur dy persona.<\/p>\n<p>Raportohet se t\u00eb plagosurit ndodhen n\u00eb spital n\u00eb gjendje t\u00eb r\u00ebnd\u00eb p\u00ebr jet\u00ebn.<\/p>\n<p>Nuk dihen ende shkaqet e k\u00ebtij aksidenti, nd\u00ebrkoh\u00eb q\u00eb policia po punon p\u00ebr zbardhjen e plot\u00eb t\u00eb rrethanave t\u00eb ngjarjes.<\/p>\n<p>&nbsp;<\/p>\n","protected":false},"excerpt":{"rendered":"<p>Nj\u00eb aksident i r\u00ebnd\u00eb ka ndodhur pasditen e sotme n\u00eb Beltoj\u00eb t\u00eb Shkodr\u00ebs. M\u00ebsohet se n\u00eb aksident jan\u00eb p\u00ebrfshir\u00eb nj\u00eb makin\u00eb, nj\u00eb bi\u00e7iklet\u00eb dhe nj\u00eb motor, e p\u00ebr pasoj\u00eb kan\u00eb mbetur t\u00eb plagosur dy persona. Raportohet se t\u00eb plagosurit ndodhen n\u00eb spital n\u00eb gjendje t\u00eb r\u00ebnd\u00eb p\u00ebr jet\u00ebn. Nuk dihen ende shkaqet e k\u00ebtij aksidenti, [&hellip;]<\/p>\n","protected":false},"author":2013,"featured_media":38161,"comment_status":"open","ping_status":"closed","sticky":false,"template":"","format":"standard","meta":{"footnotes":""},"categories":[241,235],"tags":[],"class_list":{"0":"post-97898","1":"post","2":"type-post","3":"status-publish","4":"format-standard","5":"has-post-thumbnail","7":"category-aktualitet","8":"category-vendi"},"_links":{"self":[{"href":"https:\/\/zjarr.tv\/sq\/wp-json\/wp\/v2\/posts\/97898","targetHints":{"allow":["GET"]}}],"collection":[{"href":"https:\/\/zjarr.tv\/sq\/wp-json\/wp\/v2\/posts"}],"about":[{"href":"https:\/\/zjarr.tv\/sq\/wp-json\/wp\/v2\/types\/post"}],"author":[{"embeddable":true,"href":"https:\/\/zjarr.tv\/sq\/wp-json\/wp\/v2\/users\/2013"}],"replies":[{"embeddable":true,"href":"https:\/\/zjarr.tv\/sq\/wp-json\/wp\/v2\/comments?post=97898"}],"version-history":[{"count":0,"href":"https:\/\/zjarr.tv\/sq\/wp-json\/wp\/v2\/posts\/97898\/revisions"}],"wp:featuredmedia":[{"embeddable":true,"href":"https:\/\/zjarr.tv\/sq\/wp-json\/wp\/v2\/media\/38161"}],"wp:attachment":[{"href":"https:\/\/zjarr.tv\/sq\/wp-json\/wp\/v2\/media?parent=97898"}],"wp:term":[{"taxonomy":"category","embeddable":true,"href":"https:\/\/zjarr.tv\/sq\/wp-json\/wp\/v2\/categories?post=97898"},{"taxonomy":"post_tag","embeddable":true,"href":"https:\/\/zjarr.tv\/sq\/wp-json\/wp\/v2\/tags?post=97898"}],"curies":[{"name":"wp","href":"https:\/\/api.w.org\/{rel}","templated":true}]}}