{"id":97900,"date":"2019-07-22T14:52:52","date_gmt":"2019-07-22T12:52:52","guid":{"rendered":"https:\/\/zjarr.tv\/?p=97900"},"modified":"2019-07-22T14:52:52","modified_gmt":"2019-07-22T12:52:52","slug":"tre-vite-nga-miratimi-i-reformes-ne-drejtesi-reagon-presidenti-meta","status":"publish","type":"post","link":"https:\/\/zjarr.tv\/sq\/tre-vite-nga-miratimi-i-reformes-ne-drejtesi-reagon-presidenti-meta\/","title":{"rendered":"Tre vite nga miratimi i reform\u00ebs n\u00eb drejt\u00ebsi, reagon Presidenti Meta"},"content":{"rendered":"<p>Presidenti Ilir Meta ka reaguar p\u00ebrmes nj\u00eb statusi n\u00eb facebook, lidhur me votimin e reform\u00ebs n\u00eb drejt\u00ebsi 3 vite m\u00eb par\u00eb n\u00eb parlament. Nd\u00ebrsa shpreh falenderimet e tij vecan\u00ebrisht p\u00ebr Komisionin e Venecias, p\u00ebr t\u00eb gjith\u00eb ekspertiz\u00ebn e vyer e t\u00eb pakursyer, q\u00eb na dha n\u00eb at\u00eb proces Meta shkruan se fal\u00eb atij konsensusi prej 140 votash Shqip\u00ebria g\u00ebzon ende rekomandimin historik p\u00ebr \u00e7eljen e negociatave me Bashkimin Europian prej tre vitesh.<\/p>\n<p>\u201cLidhur me \u00e7\u00ebshtjen se kur do t\u00eb \u00e7elen negociatat, kjo do t\u00eb ndodh\u00eb vet\u00ebm at\u00ebher\u00eb kur t\u00eb gjith\u00eb qytetar\u00ebt shqiptar\u00eb t\u00eb ushtrojn\u00eb sovranitetin e tyre p\u00ebrmes zgjedhjeve t\u00eb lira, t\u00eb ndershme, demokratike, gjithp\u00ebrfshir\u00ebse dhe t\u00eb gjith\u00ebpranuara, p\u00ebr \u00e7do nivel p\u00ebrfaq\u00ebsimi politik dhe institucional.<\/p>\n<p>Fillimi i negociatave do t\u00eb jet\u00eb i mundur kur zbatimi i Reform\u00ebs n\u00eb Drejt\u00ebsi t\u00eb shkoj\u00eb n\u00eb drejtim t\u00eb forcimit t\u00eb shtetit ligjor, mbrojtjes s\u00eb interesit publik, dhe garantimit t\u00eb t\u00eb drejtave demokratike dhe lirive themelore t\u00eb qytetar\u00ebve t\u00eb Shqip\u00ebris\u00eb.\u201d- shkruan Meta nd\u00ebrsa ndan edhe video nga q\u00ebndrimi i mbajtur n\u00eb seanc\u00eb plenar\u00eb t\u00eb 21-22 korrikut 2016, q\u00eb b\u00ebri t\u00eb mundur miratimin me konsensus t\u00eb plot\u00eb t\u00eb Reform\u00ebs n\u00eb Drejt\u00ebsi dhe shmangu kapjen e k\u00ebtij sistemi n\u00ebp\u00ebrmjet ndryshimeve kushtetutese:<\/p>\n<p><strong>Postimi i plot\u00eb:<\/strong><\/p>\n<p>Krenar q\u00eb 3 vjet m\u00eb par\u00eb, n\u00eb detyr\u00ebn e Kryetarit t\u00eb Kuvendit, k\u00ebmb\u00ebngula p\u00ebr miratimin me konsensus t\u00eb plot\u00eb t\u00eb Reform\u00ebs n\u00eb Drejt\u00ebsi, p\u00ebr t\u00eb mos lejuar kapjen e sistemit p\u00ebrmes ndryshimeve kushtetuese.<\/p>\n<p>Sot kam nj\u00eb fal\u00ebnderim t\u00eb ve\u00e7ant\u00eb p\u00ebr Komisionin e Venecias, p\u00ebr t\u00eb gjith\u00eb ekspertiz\u00ebn e vyer e t\u00eb pakursyer, q\u00eb na dha n\u00eb at\u00eb proces.<\/p>\n<p>I lumtur q\u00eb i q\u00ebndrova besnik rekomandimeve t\u00eb k\u00ebtij Komisioni p\u00ebr reform\u00ebn kushtetuese, q\u00eb garantonin pavar\u00ebsi dhe paanshm\u00ebri t\u00eb drejt\u00ebsis\u00eb nga politika.<\/p>\n<p>Nj\u00eb fal\u00ebnderim t\u00eb ve\u00e7ant\u00eb kam sot edhe p\u00ebr Ndihm\u00ebs Sekretarin e Shtetit p\u00ebr \u00c7\u00ebshtjen e Zbatimit t\u00eb Ligjit n\u00eb Departamentin Amerikan t\u00eb Shtetit t\u00eb asaj kohe, z.\u00cbilliam Bro\u00ebnfield, p\u00ebr mb\u00ebshtetjen dhe inkurajimin q\u00eb m\u00eb dha, q\u00eb Reforma n\u00eb Drejt\u00ebsi t\u00eb ishte gjithp\u00ebrfshir\u00ebse dhe t\u00eb miratohej me konsensus t\u00eb plot\u00eb n\u00eb Kuvendin e Shqip\u00ebris\u00eb.<\/p>\n<p>Sot pas 3-vjet\u00ebsh, secili nga ne mund t\u00eb b\u00ebj\u00eb vler\u00ebsimet e tij p\u00ebr k\u00ebt\u00eb reform\u00eb.<\/p>\n<p>Bazat e ndryshimit rr\u00ebnj\u00ebsor t\u00eb sistemit t\u00eb drejt\u00ebsis\u00eb jan\u00eb n\u00eb ligjin themeltar t\u00eb shtetit dhe t\u00eb qarta si drita e diellit.<\/p>\n<p>Por vet\u00ebm fal\u00eb atij konsensusi prej 140 votash Shqip\u00ebria g\u00ebzon ende rekomandimin historik p\u00ebr \u00e7eljen e negociatave me Bashkimin Europian prej tre vitesh.<\/p>\n<p>Lidhur me \u00e7\u00ebshtjen se kur do t\u00eb \u00e7elen negociatat, kjo do t\u00eb ndodh\u00eb vet\u00ebm at\u00ebher\u00eb kur t\u00eb gjith\u00eb qytetar\u00ebt shqiptar\u00eb t\u00eb ushtrojn\u00eb sovranitetin e tyre p\u00ebrmes zgjedhjeve t\u00eb lira, t\u00eb ndershme, demokratike, gjithp\u00ebrfshir\u00ebse dhe t\u00eb gjith\u00ebpranuara, p\u00ebr \u00e7do nivel p\u00ebrfaq\u00ebsimi politik dhe institucional.<\/p>\n<p>Fillimi i negociatave do t\u00eb jet\u00eb i mundur kur zbatimi i Reform\u00ebs n\u00eb Drejt\u00ebsi t\u00eb shkoj\u00eb n\u00eb drejtim t\u00eb forcimit t\u00eb shtetit ligjor, mbrojtjes s\u00eb interesit publik, dhe garantimit t\u00eb t\u00eb drejtave demokratike dhe lirive themelore t\u00eb qytetar\u00ebve t\u00eb Shqip\u00ebris\u00eb.<\/p>\n<p>&nbsp;<\/p>\n","protected":false},"excerpt":{"rendered":"<p>Presidenti Ilir Meta ka reaguar p\u00ebrmes nj\u00eb statusi n\u00eb facebook, lidhur me votimin e reform\u00ebs n\u00eb drejt\u00ebsi 3 vite m\u00eb par\u00eb n\u00eb parlament. Nd\u00ebrsa shpreh falenderimet e tij vecan\u00ebrisht p\u00ebr Komisionin e Venecias, p\u00ebr t\u00eb gjith\u00eb ekspertiz\u00ebn e vyer e t\u00eb pakursyer, q\u00eb na dha n\u00eb at\u00eb proces Meta shkruan se fal\u00eb atij konsensusi prej [&hellip;]<\/p>\n","protected":false},"author":2013,"featured_media":94851,"comment_status":"open","ping_status":"closed","sticky":false,"template":"","format":"standard","meta":{"footnotes":""},"categories":[241,235],"tags":[],"class_list":{"0":"post-97900","1":"post","2":"type-post","3":"status-publish","4":"format-standard","5":"has-post-thumbnail","7":"category-aktualitet","8":"category-vendi"},"_links":{"self":[{"href":"https:\/\/zjarr.tv\/sq\/wp-json\/wp\/v2\/posts\/97900","targetHints":{"allow":["GET"]}}],"collection":[{"href":"https:\/\/zjarr.tv\/sq\/wp-json\/wp\/v2\/posts"}],"about":[{"href":"https:\/\/zjarr.tv\/sq\/wp-json\/wp\/v2\/types\/post"}],"author":[{"embeddable":true,"href":"https:\/\/zjarr.tv\/sq\/wp-json\/wp\/v2\/users\/2013"}],"replies":[{"embeddable":true,"href":"https:\/\/zjarr.tv\/sq\/wp-json\/wp\/v2\/comments?post=97900"}],"version-history":[{"count":0,"href":"https:\/\/zjarr.tv\/sq\/wp-json\/wp\/v2\/posts\/97900\/revisions"}],"wp:featuredmedia":[{"embeddable":true,"href":"https:\/\/zjarr.tv\/sq\/wp-json\/wp\/v2\/media\/94851"}],"wp:attachment":[{"href":"https:\/\/zjarr.tv\/sq\/wp-json\/wp\/v2\/media?parent=97900"}],"wp:term":[{"taxonomy":"category","embeddable":true,"href":"https:\/\/zjarr.tv\/sq\/wp-json\/wp\/v2\/categories?post=97900"},{"taxonomy":"post_tag","embeddable":true,"href":"https:\/\/zjarr.tv\/sq\/wp-json\/wp\/v2\/tags?post=97900"}],"curies":[{"name":"wp","href":"https:\/\/api.w.org\/{rel}","templated":true}]}}