{"id":97902,"date":"2019-07-22T14:53:58","date_gmt":"2019-07-22T12:53:58","guid":{"rendered":"https:\/\/zjarr.tv\/?p=97902"},"modified":"2019-07-22T14:53:58","modified_gmt":"2019-07-22T12:53:58","slug":"neser-asambleja-kombetare-e-ps-zbardhet-agjenda","status":"publish","type":"post","link":"https:\/\/zjarr.tv\/sq\/neser-asambleja-kombetare-e-ps-zbardhet-agjenda\/","title":{"rendered":"Nes\u00ebr Asambleja Komb\u00ebtare e PS, zbardhet agjenda"},"content":{"rendered":"<p>Kryetari i Partis\u00eb Socialiste Edi Rama do mbaj\u00eb nes\u00ebr (23 korrik) Asamblen\u00eb Komb\u00ebtare.<\/p>\n<p>Nd\u00ebrsa \u00ebsht\u00eb zbardhur edhe agjenda e Asambles\u00eb q\u00eb do hapet me fjal\u00ebn e kryeministrit Rama.<\/p>\n<p>M\u00eb pas do mbahet nj\u00eb analiz\u00eb mbi rezultatet e zgjedhjeve t\u00eb 30 qershorit.<\/p>\n<p>Analiza do pasohet me shqyrtimin dhe miratimin e Projekt-Vendimit p\u00ebr organizimin dhe zhvillimin e zgjedhjeve t\u00eb p\u00ebrgjithshme n\u00eb parti.<\/p>\n<p>N\u00eb pakt\u00ebn e kat\u00ebrt do b\u00ebhet shqyrtimi dhe miratimi i Projekt-Udh\u00ebzimit p\u00ebr zgjedhjet e reja t\u00eb p\u00ebrgjithshme n\u00eb parti.<\/p>\n<p>Dhe n\u00eb pik\u00ebn e pes\u00eb do b\u00ebhet shqyrtimi dhe miratimi i Projekt-Udh\u00ebzimit p\u00ebr kriteret p\u00ebrzgjedh\u00ebse p\u00ebr delegat\u00ebt e kongresit dhe kryetar\u00ebt e partis\u00eb t\u00eb bashkive.<\/p>\n<p>Asambleja do zhvillohet pasditen e s\u00eb mart\u00ebn n\u00eb or\u00ebn 16:00.<\/p>\n<p>&nbsp;<\/p>\n","protected":false},"excerpt":{"rendered":"<p>Kryetari i Partis\u00eb Socialiste Edi Rama do mbaj\u00eb nes\u00ebr (23 korrik) Asamblen\u00eb Komb\u00ebtare. Nd\u00ebrsa \u00ebsht\u00eb zbardhur edhe agjenda e Asambles\u00eb q\u00eb do hapet me fjal\u00ebn e kryeministrit Rama. M\u00eb pas do mbahet nj\u00eb analiz\u00eb mbi rezultatet e zgjedhjeve t\u00eb 30 qershorit. Analiza do pasohet me shqyrtimin dhe miratimin e Projekt-Vendimit p\u00ebr organizimin dhe zhvillimin e [&hellip;]<\/p>\n","protected":false},"author":2013,"featured_media":30694,"comment_status":"open","ping_status":"closed","sticky":false,"template":"","format":"standard","meta":{"footnotes":""},"categories":[241,235],"tags":[],"class_list":{"0":"post-97902","1":"post","2":"type-post","3":"status-publish","4":"format-standard","5":"has-post-thumbnail","7":"category-aktualitet","8":"category-vendi"},"_links":{"self":[{"href":"https:\/\/zjarr.tv\/sq\/wp-json\/wp\/v2\/posts\/97902","targetHints":{"allow":["GET"]}}],"collection":[{"href":"https:\/\/zjarr.tv\/sq\/wp-json\/wp\/v2\/posts"}],"about":[{"href":"https:\/\/zjarr.tv\/sq\/wp-json\/wp\/v2\/types\/post"}],"author":[{"embeddable":true,"href":"https:\/\/zjarr.tv\/sq\/wp-json\/wp\/v2\/users\/2013"}],"replies":[{"embeddable":true,"href":"https:\/\/zjarr.tv\/sq\/wp-json\/wp\/v2\/comments?post=97902"}],"version-history":[{"count":0,"href":"https:\/\/zjarr.tv\/sq\/wp-json\/wp\/v2\/posts\/97902\/revisions"}],"wp:featuredmedia":[{"embeddable":true,"href":"https:\/\/zjarr.tv\/sq\/wp-json\/wp\/v2\/media\/30694"}],"wp:attachment":[{"href":"https:\/\/zjarr.tv\/sq\/wp-json\/wp\/v2\/media?parent=97902"}],"wp:term":[{"taxonomy":"category","embeddable":true,"href":"https:\/\/zjarr.tv\/sq\/wp-json\/wp\/v2\/categories?post=97902"},{"taxonomy":"post_tag","embeddable":true,"href":"https:\/\/zjarr.tv\/sq\/wp-json\/wp\/v2\/tags?post=97902"}],"curies":[{"name":"wp","href":"https:\/\/api.w.org\/{rel}","templated":true}]}}