{"id":98021,"date":"2019-07-23T14:04:22","date_gmt":"2019-07-23T12:04:22","guid":{"rendered":"https:\/\/zjarr.tv\/?p=98021"},"modified":"2019-07-23T14:04:22","modified_gmt":"2019-07-23T12:04:22","slug":"presidenti-meta-pret-ne-takim-kreun-e-komitetit-ushtarak-te-nato-s-sir-stuart-peach","status":"publish","type":"post","link":"https:\/\/zjarr.tv\/sq\/presidenti-meta-pret-ne-takim-kreun-e-komitetit-ushtarak-te-nato-s-sir-stuart-peach\/","title":{"rendered":"Presidenti Meta pret n\u00eb takim kreun e Komitetit Ushtarak t\u00eb NATO-s, Sir Stuart Peach"},"content":{"rendered":"<p>&nbsp;<\/p>\n<p>Presidenti i Shqip\u00ebris\u00eb Ilir Meta priti sot n\u00eb nj\u00eb takim kryetarin e Komitetit Ushtarak t\u00eb NATO-s, Marshall Sir Stuart Peach.<\/p>\n<p>Presidenti Meta vler\u00ebsoi mb\u00ebshtetjen e dh\u00ebn\u00eb nga Komiteti Ushtarak i NATO-s p\u00ebr projektin e Baz\u00ebs Ajrore t\u00eb Ku\u00e7ov\u00ebs, duke garantuar se bashk\u00ebpunimi me Aleanc\u00ebn ka nj\u00eb r\u00ebnd\u00ebsi strategjike p\u00ebr sigurin\u00eb komb\u00ebtare dhe rajonale.<\/p>\n<p>Presidenti Meta siguroi se Shqip\u00ebria do t\u00eb vijoj\u00eb kontributet e saj n\u00eb misionet n\u00eb Afganistan, Kosov\u00eb, Bosnje-Hercegovin\u00eb, Mali, Detin Egje, Letoni, Rumani, Mesdhe, etj.<\/p>\n<p>Duke e vler\u00ebsuar si legjitime k\u00ebrkes\u00ebn e NATO-s p\u00ebr t\u00eb ndarjen e drejt\u00eb t\u00eb barr\u00ebs s\u00eb p\u00ebrgjegj\u00ebsive, Kreu i Shtetit theksoi se i ka k\u00ebrkuar Qeveris\u00eb, t\u2019u p\u00ebrmbahet angazhimeve zyrtare t\u00eb Shqip\u00ebris\u00eb, duke rritur vit pas viti buxhetin deri n\u00eb 2% t\u00eb GDP n\u00eb vitin 2024.<\/p>\n<p>\u2018Shqip\u00ebria \u00ebsht\u00eb nj\u00eb an\u00ebtare e NATO-s, e pozicionuar n\u00eb m\u00ebnyr\u00eb t\u00eb vendosur n\u00eb procesin e integrimit europian, duke pritur q\u00eb t\u00eb hap\u00eb negociatat e pranimit t\u00eb saj.<\/p>\n<p>Shqiptar\u00ebt e kan\u00eb b\u00ebr\u00eb zgjedhjen e tyre, p\u00ebr t\u2019u bashkuar me NATO-n dhe Bashkimin Europian. Askush nuk mund t\u2019ia ndryshoj\u00eb rrug\u00ebtimin k\u00ebtij projekti strategjik.<\/p>\n<p>Do punoj pa u lodhur p\u00ebr nj\u00eb Shqip\u00ebri t\u00eb q\u00ebndrueshme, demokratike dhe an\u00ebtare t\u00eb denj\u00eb t\u00eb NATO-s, q\u00eb si\u00e7 tha Sekretari i P\u00ebrgjithsh\u00ebm Stoltenberg gjat\u00eb vizit\u00ebs s\u00eb Tij n\u00eb Tiran\u00eb, ka n\u00eb zem\u00ebr demokracin\u00eb\u2019, &#8211; u shpreh Kreu i Shtetit.<\/p>\n<p>Gjithashtu, Presidenti Meta, n\u00ebnvizoi se roli dhe prezenca e NATO-s n\u00eb rajon \u00ebsht\u00eb faktor ky\u00e7 p\u00ebr sigurin\u00eb, paqen dhe stabilitetin e Ballkanit Per\u00ebndimor.<\/p>\n<p>Kreu i Shtetit shprehu mb\u00ebshtetjen e Tij ndaj p\u00ebrpjekjeve t\u00eb qeveris\u00eb s\u00eb Kosov\u00ebs, p\u00ebr integrimin n\u00eb NATO dhe ngritjen e Forcave t\u00eb Armatosura si \u2018kontribut shtes\u00eb p\u00ebr sigurin\u00eb dhe stabilitetin\u00a0 afatgjat\u00eb t\u00eb rajonit\u2019.<\/p>\n<p>&nbsp;<\/p>\n","protected":false},"excerpt":{"rendered":"<p>&nbsp; Presidenti i Shqip\u00ebris\u00eb Ilir Meta priti sot n\u00eb nj\u00eb takim kryetarin e Komitetit Ushtarak t\u00eb NATO-s, Marshall Sir Stuart Peach. Presidenti Meta vler\u00ebsoi mb\u00ebshtetjen e dh\u00ebn\u00eb nga Komiteti Ushtarak i NATO-s p\u00ebr projektin e Baz\u00ebs Ajrore t\u00eb Ku\u00e7ov\u00ebs, duke garantuar se bashk\u00ebpunimi me Aleanc\u00ebn ka nj\u00eb r\u00ebnd\u00ebsi strategjike p\u00ebr sigurin\u00eb komb\u00ebtare dhe rajonale. Presidenti [&hellip;]<\/p>\n","protected":false},"author":2013,"featured_media":98022,"comment_status":"open","ping_status":"closed","sticky":false,"template":"","format":"standard","meta":{"footnotes":""},"categories":[241,235],"tags":[],"class_list":{"0":"post-98021","1":"post","2":"type-post","3":"status-publish","4":"format-standard","5":"has-post-thumbnail","7":"category-aktualitet","8":"category-vendi"},"_links":{"self":[{"href":"https:\/\/zjarr.tv\/sq\/wp-json\/wp\/v2\/posts\/98021","targetHints":{"allow":["GET"]}}],"collection":[{"href":"https:\/\/zjarr.tv\/sq\/wp-json\/wp\/v2\/posts"}],"about":[{"href":"https:\/\/zjarr.tv\/sq\/wp-json\/wp\/v2\/types\/post"}],"author":[{"embeddable":true,"href":"https:\/\/zjarr.tv\/sq\/wp-json\/wp\/v2\/users\/2013"}],"replies":[{"embeddable":true,"href":"https:\/\/zjarr.tv\/sq\/wp-json\/wp\/v2\/comments?post=98021"}],"version-history":[{"count":0,"href":"https:\/\/zjarr.tv\/sq\/wp-json\/wp\/v2\/posts\/98021\/revisions"}],"wp:featuredmedia":[{"embeddable":true,"href":"https:\/\/zjarr.tv\/sq\/wp-json\/wp\/v2\/media\/98022"}],"wp:attachment":[{"href":"https:\/\/zjarr.tv\/sq\/wp-json\/wp\/v2\/media?parent=98021"}],"wp:term":[{"taxonomy":"category","embeddable":true,"href":"https:\/\/zjarr.tv\/sq\/wp-json\/wp\/v2\/categories?post=98021"},{"taxonomy":"post_tag","embeddable":true,"href":"https:\/\/zjarr.tv\/sq\/wp-json\/wp\/v2\/tags?post=98021"}],"curies":[{"name":"wp","href":"https:\/\/api.w.org\/{rel}","templated":true}]}}