{"id":98031,"date":"2019-07-23T14:09:34","date_gmt":"2019-07-23T12:09:34","guid":{"rendered":"https:\/\/zjarr.tv\/?p=98031"},"modified":"2019-07-23T14:09:34","modified_gmt":"2019-07-23T12:09:34","slug":"finiq-hidhet-ne-ere-memoriali-i-thimio-lolit","status":"publish","type":"post","link":"https:\/\/zjarr.tv\/sq\/finiq-hidhet-ne-ere-memoriali-i-thimio-lolit\/","title":{"rendered":"Finiq, hidhet n\u00eb er\u00eb memoriali i Thimio Lolit"},"content":{"rendered":"<p>&nbsp;<\/p>\n<p>Memoriali i Thimio Lolit \u00ebsht\u00eb hedhur sot n\u00eb er\u00eb n\u00eb fshatin Kran\u00eb t\u00eb Bashkis\u00eb s\u00eb Finiqit. M\u00ebsohet se persona t\u00eb paidentifikuar kan\u00eb vendosur l\u00ebn\u00eb plas\u00ebse n\u00eb pllak\u00ebn q\u00eb p\u00ebrkujton Lolin.<\/p>\n<p>Loli \u00ebsht\u00eb nj\u00eb figur\u00eb q\u00eb njihet ashtuquajturit komandanti i \u00e7\u00ebshtjes s\u00eb Vorio-Epirit, Thimio Loli. Ai ka qen\u00eb pjes\u00eb e bandave q\u00eb kan\u00eb kryer masakra ndaj shqiptar\u00ebve n\u00eb Jug t\u00eb Shqip\u00ebris\u00eb ngritja e memorialit t\u00eb tij ka krijuar gjithmon\u00eb tensione n\u00eb Finiq.<\/p>\n<p>Ngjarja ndodhi rreth or\u00ebs 4:30 t\u00eb m\u00ebngjesit t\u00eb sot\u00ebm.<\/p>\n<p>Kjo \u00ebsht\u00eb hera e dyt\u00eb q\u00eb memoriali i Thimio Lolit \u00ebsht\u00eb sulmuar. Nuk dihen ende autor\u00ebt e ngjarjes.<\/p>\n<p>&nbsp;<\/p>\n","protected":false},"excerpt":{"rendered":"<p>&nbsp; Memoriali i Thimio Lolit \u00ebsht\u00eb hedhur sot n\u00eb er\u00eb n\u00eb fshatin Kran\u00eb t\u00eb Bashkis\u00eb s\u00eb Finiqit. M\u00ebsohet se persona t\u00eb paidentifikuar kan\u00eb vendosur l\u00ebn\u00eb plas\u00ebse n\u00eb pllak\u00ebn q\u00eb p\u00ebrkujton Lolin. Loli \u00ebsht\u00eb nj\u00eb figur\u00eb q\u00eb njihet ashtuquajturit komandanti i \u00e7\u00ebshtjes s\u00eb Vorio-Epirit, Thimio Loli. Ai ka qen\u00eb pjes\u00eb e bandave q\u00eb kan\u00eb kryer masakra [&hellip;]<\/p>\n","protected":false},"author":2013,"featured_media":98032,"comment_status":"open","ping_status":"closed","sticky":false,"template":"","format":"standard","meta":{"footnotes":""},"categories":[241,235],"tags":[],"class_list":{"0":"post-98031","1":"post","2":"type-post","3":"status-publish","4":"format-standard","5":"has-post-thumbnail","7":"category-aktualitet","8":"category-vendi"},"_links":{"self":[{"href":"https:\/\/zjarr.tv\/sq\/wp-json\/wp\/v2\/posts\/98031","targetHints":{"allow":["GET"]}}],"collection":[{"href":"https:\/\/zjarr.tv\/sq\/wp-json\/wp\/v2\/posts"}],"about":[{"href":"https:\/\/zjarr.tv\/sq\/wp-json\/wp\/v2\/types\/post"}],"author":[{"embeddable":true,"href":"https:\/\/zjarr.tv\/sq\/wp-json\/wp\/v2\/users\/2013"}],"replies":[{"embeddable":true,"href":"https:\/\/zjarr.tv\/sq\/wp-json\/wp\/v2\/comments?post=98031"}],"version-history":[{"count":0,"href":"https:\/\/zjarr.tv\/sq\/wp-json\/wp\/v2\/posts\/98031\/revisions"}],"wp:featuredmedia":[{"embeddable":true,"href":"https:\/\/zjarr.tv\/sq\/wp-json\/wp\/v2\/media\/98032"}],"wp:attachment":[{"href":"https:\/\/zjarr.tv\/sq\/wp-json\/wp\/v2\/media?parent=98031"}],"wp:term":[{"taxonomy":"category","embeddable":true,"href":"https:\/\/zjarr.tv\/sq\/wp-json\/wp\/v2\/categories?post=98031"},{"taxonomy":"post_tag","embeddable":true,"href":"https:\/\/zjarr.tv\/sq\/wp-json\/wp\/v2\/tags?post=98031"}],"curies":[{"name":"wp","href":"https:\/\/api.w.org\/{rel}","templated":true}]}}