{"id":98037,"date":"2019-07-23T14:11:48","date_gmt":"2019-07-23T12:11:48","guid":{"rendered":"https:\/\/zjarr.tv\/?p=98037"},"modified":"2019-07-23T14:11:48","modified_gmt":"2019-07-23T12:11:48","slug":"mireqenje-per-shqiptaret-basha-nga-kukesi-pd-do-heqe-traun-e-rruges-se-kombit","status":"publish","type":"post","link":"https:\/\/zjarr.tv\/sq\/mireqenje-per-shqiptaret-basha-nga-kukesi-pd-do-heqe-traun-e-rruges-se-kombit\/","title":{"rendered":"\u2018Mir\u00ebqenje p\u00ebr shqiptar\u00ebt\u2019, Basha nga Kuk\u00ebsi: PD do heq\u00eb traun e Rrug\u00ebs s\u00eb Kombit"},"content":{"rendered":"<p>&nbsp;<\/p>\n<p>Kreu demokrat Lulzim Basha ka qen\u00eb n\u00eb Kuk\u00ebs dhe prej andej ka premtuar se Partia Demokratike do t\u00eb heq\u00eb traun e rrug\u00ebs s\u00eb kombit q\u00eb jav\u00ebn e par\u00eb t\u00eb PD n\u00eb pushtet<\/p>\n<p>Mirqenja e shqiptarve \u00ebsht\u00eb prioritet i PD ka th\u00ebn\u00eb Basha pas takimit n\u00eb Kuk\u00ebs.<\/p>\n<p>&nbsp;<\/p>\n","protected":false},"excerpt":{"rendered":"<p>&nbsp; Kreu demokrat Lulzim Basha ka qen\u00eb n\u00eb Kuk\u00ebs dhe prej andej ka premtuar se Partia Demokratike do t\u00eb heq\u00eb traun e rrug\u00ebs s\u00eb kombit q\u00eb jav\u00ebn e par\u00eb t\u00eb PD n\u00eb pushtet Mirqenja e shqiptarve \u00ebsht\u00eb prioritet i PD ka th\u00ebn\u00eb Basha pas takimit n\u00eb Kuk\u00ebs. &nbsp;<\/p>\n","protected":false},"author":2013,"featured_media":38161,"comment_status":"open","ping_status":"closed","sticky":false,"template":"","format":"standard","meta":{"footnotes":""},"categories":[241,235],"tags":[],"class_list":{"0":"post-98037","1":"post","2":"type-post","3":"status-publish","4":"format-standard","5":"has-post-thumbnail","7":"category-aktualitet","8":"category-vendi"},"_links":{"self":[{"href":"https:\/\/zjarr.tv\/sq\/wp-json\/wp\/v2\/posts\/98037","targetHints":{"allow":["GET"]}}],"collection":[{"href":"https:\/\/zjarr.tv\/sq\/wp-json\/wp\/v2\/posts"}],"about":[{"href":"https:\/\/zjarr.tv\/sq\/wp-json\/wp\/v2\/types\/post"}],"author":[{"embeddable":true,"href":"https:\/\/zjarr.tv\/sq\/wp-json\/wp\/v2\/users\/2013"}],"replies":[{"embeddable":true,"href":"https:\/\/zjarr.tv\/sq\/wp-json\/wp\/v2\/comments?post=98037"}],"version-history":[{"count":0,"href":"https:\/\/zjarr.tv\/sq\/wp-json\/wp\/v2\/posts\/98037\/revisions"}],"wp:featuredmedia":[{"embeddable":true,"href":"https:\/\/zjarr.tv\/sq\/wp-json\/wp\/v2\/media\/38161"}],"wp:attachment":[{"href":"https:\/\/zjarr.tv\/sq\/wp-json\/wp\/v2\/media?parent=98037"}],"wp:term":[{"taxonomy":"category","embeddable":true,"href":"https:\/\/zjarr.tv\/sq\/wp-json\/wp\/v2\/categories?post=98037"},{"taxonomy":"post_tag","embeddable":true,"href":"https:\/\/zjarr.tv\/sq\/wp-json\/wp\/v2\/tags?post=98037"}],"curies":[{"name":"wp","href":"https:\/\/api.w.org\/{rel}","templated":true}]}}