{"id":98042,"date":"2019-07-23T14:13:33","date_gmt":"2019-07-23T12:13:33","guid":{"rendered":"https:\/\/zjarr.tv\/?p=98042"},"modified":"2019-07-23T14:13:33","modified_gmt":"2019-07-23T12:13:33","slug":"koco-kokedhima-zoti-i-dashte-ata-qe-mbrojne-teatrin-nga-mamuthi-rama","status":"publish","type":"post","link":"https:\/\/zjarr.tv\/sq\/koco-kokedhima-zoti-i-dashte-ata-qe-mbrojne-teatrin-nga-mamuthi-rama\/","title":{"rendered":"Ko\u00e7o Kok\u00ebdhima: Zoti i dasht\u00eb, ata q\u00eb mbrojn\u00eb Teatrin nga mamuthi Rama!"},"content":{"rendered":"<p>&nbsp;<\/p>\n<p>Ko\u00e7o Kok\u00ebdhima ka qen\u00eb nd\u00ebr politikan\u00ebt e par\u00eb, i cili n\u00eb em\u00ebr t\u00eb partis\u00eb q\u00eb drejton, \u201cZgjidha\u201d, por edhe personalisht i \u00ebsht\u00eb bashkuar l\u00ebvizjes p\u00ebr mbrojtjen e Teatrit Komb\u00ebtar\u00eb q\u00eb n\u00eb dit\u00ebt e para t\u00eb saj, m\u00eb shum\u00eb se nj\u00eb vit m\u00eb par\u00eb. N\u00ebp\u00ebrmjet nj\u00eb sh\u00ebnimi n\u00eb faqen e tij zyrtare, Kok\u00ebdhima, ju b\u00ebn thirrje t\u00eb gjith\u00eb qytetar\u00ebve t\u00eb Tiran\u00ebs, shqiptar\u00ebve dhe nj\u00ebkoh\u00ebsisht an\u00ebtar\u00ebve dhe simpatizant\u00ebve t\u00eb partis\u00eb \u201cZgjidhja\u201d, q\u00eb t\u00eb bashkohen n\u00eb mbrojtjen e Teatrit n\u00eb k\u00ebto dit\u00eb kur Rama n\u00eb m\u00ebnyr\u00eb t\u00eb pabes\u00eb, ka nisur konkretisht aksionin p\u00ebr prishjen e tij.<\/p>\n<p>\u201cAta tashm\u00eb kan\u00eb hyr\u00eb n\u00eb histori si protestuesit m\u00eb epik\u00eb. Kan\u00eb m\u00eb shum\u00eb se 1 vit q\u00eb q\u00ebndrojn\u00eb p\u00ebrpara Teatrit Komb\u00ebtar, p\u00ebr t\u00eb mos lejuar prishjen dhe grabitjen e tok\u00ebs s\u00eb tij nga mamuthi dhe oborrtar\u00ebt.<\/p>\n<p>U b\u00ebn\u00eb disa dit\u00eb q\u00eb \u2018Aleanca p\u00ebr Mbrojtjen e Teatrit Komb\u00ebtar\u2019, e mb\u00ebshtetur nga qytetar\u00ebt q\u00ebndron 24 or\u00eb, n\u00eb mbrojtje t\u00eb nj\u00eb nga pasurive t\u00eb fundit publike t\u00eb kryeqytetit me vlera historike dhe shpirt\u00ebrore. Kjo pas aksionit t\u00eb fundit dhe t\u00eb pabes\u00eb t\u00eb qeveris\u00eb dhe bashkis\u00eb, p\u00ebr ta zbrazur dhe \u00e7montuar at\u00eb nga brenda. Edhe mbr\u00ebm\u00eb p\u00ebr gjat\u00eb gjith\u00eb nat\u00ebs ky grup ka q\u00ebndrua roje n\u00eb mbrojtje t\u00eb asaj pak pasurie, q\u00eb i ka mbetur qytetar\u00ebve t\u00eb kryeqytetit. Nj\u00eb nga aktivistet m\u00eb q\u00ebndrestare t\u00eb k\u00ebsaj proteste, Elona Caslli, me k\u00ebt\u00eb rast ka hedhur n\u00eb faqen e saj n\u00eb Facebook, edhe disa fotografi q\u00eb tregojn\u00eb pasazhe nga \u201cbarrikada\u201d e mbr\u00ebmshme n\u00eb mbrojtje t\u00eb Teatrit.<\/p>\n<p>Nj\u00ebra prej tyre mund t\u00eb quhet pa m\u00ebdyshje: FOTO E DIT\u00cbS!<\/p>\n<p>Nj\u00eb grua n\u00eb mosh\u00eb, besimtare myslimane, shfaqet n\u00eb agun e k\u00ebsaj dite e ulur n\u00eb nj\u00eb stol n\u00eb sheshin e Teatrit, duke u lutur pas nj\u00eb nate t\u00eb gjat\u00eb.<br \/>\n\u201cAllahu na dasht\u00eb, do t\u00eb ishte urimi i gruas myslimane pas nj\u00eb nate t\u00eb kaluar n\u00eb sheshin e Teatrit Komb\u00ebtar dhe agut t\u00eb nj\u00eb dit\u00eb t\u00eb re\u201d, shkruan Elona Caslli p\u00ebr k\u00ebt\u00eb n\u00ebn\u00eb besimtare, q\u00eb u \u00ebsht\u00eb bashkuar artist\u00ebve dhe qytetar\u00ebve t\u00eb Tiran\u00ebs kund\u00ebr makut\u00ebris\u00eb s\u00eb pushtetit.<\/p>\n<p>S\u00eb bashku me k\u00ebt\u00eb n\u00ebn\u00eb ka qen\u00eb edhe besimtarja tjet\u00ebr, Smeralda \u00c7a\u00e7a, e cila \u00e7do nat\u00eb u shpie protestuesve \u00ebmb\u00eblsira dhe petulla.<br \/>\n\u201cN\u00eb or\u00ebn 3 t\u00eb m\u00ebngjesit nj\u00eb shpirt, nj\u00eb frym\u00eb si Smeralda \u00c7a\u00e7a sjell petulla dhe \u00ebmb\u00eblsira p\u00ebr protestuesit. Post Scriptum &#8211; Kjo \u00ebsht\u00eb dashuria; ky \u00ebsht\u00eb njeriu\u201d, \u00ebsht\u00eb dedikimi q\u00eb Caslli i b\u00ebn fotografis\u00eb ku ka dal\u00eb s\u00eb bashku m\u00eb Smerald\u00ebn.<\/p>\n<p>Ne si \u201cZgjidhja\u201d, ashtu si\u00e7 i kemi p\u00ebrkrahur artist\u00ebt q\u00eb n\u00eb dit\u00ebt e para t\u00eb protest\u00ebs, vazhdojm\u00eb q\u00eb t\u00eb jemi n\u00eb krah t\u00eb kauz\u00ebs s\u00eb tyre. Sepse ata nuk po mbrojn\u00eb thjesht nj\u00eb godin\u00eb dhe as tok\u00ebn, t\u00eb cil\u00ebn k\u00ebrkojn\u00eb q\u00eb ta rr\u00ebmbejn\u00eb me ligje \u201cspeciale\u201d Rama dhe Veliaj.<br \/>\nJu b\u00ebjm\u00eb thirrje t\u00eb gjith\u00eb qytetar\u00ebve t\u00eb Tiran\u00ebs dhe Shqip\u00ebris\u00eb, simpatizant\u00ebve dhe an\u00ebtar\u00ebve t\u00eb partis\u00eb \u201cZgjidhja\u201d, q\u00eb t\u2019i bashkohen pa m\u00ebdyshje k\u00ebsaj proteste.<\/p>\n<p>Nuk \u00ebsht\u00eb thjesht betej\u00eb p\u00ebr nj\u00eb Teat\u00ebr, por p\u00ebr lirin\u00eb, t\u00eb drejtat e qytetar\u00ebve, dinjitetin, trash\u00ebgimin\u00eb dhe identitetin ton\u00eb komb\u00ebtar!\u201d, shkruan dit\u00ebn e sotme Kok\u00ebdhima n\u00eb mbrojtje dhe p\u00ebrkrahje t\u00eb Teatrit.<\/p>\n<p>&nbsp;<\/p>\n","protected":false},"excerpt":{"rendered":"<p>&nbsp; Ko\u00e7o Kok\u00ebdhima ka qen\u00eb nd\u00ebr politikan\u00ebt e par\u00eb, i cili n\u00eb em\u00ebr t\u00eb partis\u00eb q\u00eb drejton, \u201cZgjidha\u201d, por edhe personalisht i \u00ebsht\u00eb bashkuar l\u00ebvizjes p\u00ebr mbrojtjen e Teatrit Komb\u00ebtar\u00eb q\u00eb n\u00eb dit\u00ebt e para t\u00eb saj, m\u00eb shum\u00eb se nj\u00eb vit m\u00eb par\u00eb. N\u00ebp\u00ebrmjet nj\u00eb sh\u00ebnimi n\u00eb faqen e tij zyrtare, Kok\u00ebdhima, ju b\u00ebn [&hellip;]<\/p>\n","protected":false},"author":2013,"featured_media":98043,"comment_status":"open","ping_status":"closed","sticky":false,"template":"","format":"standard","meta":{"footnotes":""},"categories":[241,235],"tags":[],"class_list":{"0":"post-98042","1":"post","2":"type-post","3":"status-publish","4":"format-standard","5":"has-post-thumbnail","7":"category-aktualitet","8":"category-vendi"},"_links":{"self":[{"href":"https:\/\/zjarr.tv\/sq\/wp-json\/wp\/v2\/posts\/98042","targetHints":{"allow":["GET"]}}],"collection":[{"href":"https:\/\/zjarr.tv\/sq\/wp-json\/wp\/v2\/posts"}],"about":[{"href":"https:\/\/zjarr.tv\/sq\/wp-json\/wp\/v2\/types\/post"}],"author":[{"embeddable":true,"href":"https:\/\/zjarr.tv\/sq\/wp-json\/wp\/v2\/users\/2013"}],"replies":[{"embeddable":true,"href":"https:\/\/zjarr.tv\/sq\/wp-json\/wp\/v2\/comments?post=98042"}],"version-history":[{"count":0,"href":"https:\/\/zjarr.tv\/sq\/wp-json\/wp\/v2\/posts\/98042\/revisions"}],"wp:featuredmedia":[{"embeddable":true,"href":"https:\/\/zjarr.tv\/sq\/wp-json\/wp\/v2\/media\/98043"}],"wp:attachment":[{"href":"https:\/\/zjarr.tv\/sq\/wp-json\/wp\/v2\/media?parent=98042"}],"wp:term":[{"taxonomy":"category","embeddable":true,"href":"https:\/\/zjarr.tv\/sq\/wp-json\/wp\/v2\/categories?post=98042"},{"taxonomy":"post_tag","embeddable":true,"href":"https:\/\/zjarr.tv\/sq\/wp-json\/wp\/v2\/tags?post=98042"}],"curies":[{"name":"wp","href":"https:\/\/api.w.org\/{rel}","templated":true}]}}