{"id":98045,"date":"2019-07-23T14:14:39","date_gmt":"2019-07-23T12:14:39","guid":{"rendered":"https:\/\/zjarr.tv\/?p=98045"},"modified":"2019-07-23T14:14:39","modified_gmt":"2019-07-23T12:14:39","slug":"osbe-ne-vjene-rrezon-ligjin-e-rames-kunder-mediave-online-vret-fjalen-e-lire","status":"publish","type":"post","link":"https:\/\/zjarr.tv\/sq\/osbe-ne-vjene-rrezon-ligjin-e-rames-kunder-mediave-online-vret-fjalen-e-lire\/","title":{"rendered":"OSBE n\u00eb Vjen\u00eb rr\u00ebzon ligjin e Ram\u00ebs kund\u00ebr mediave online: Vret fjal\u00ebn e lir\u00eb!"},"content":{"rendered":"<p>&nbsp;<\/p>\n<p>Ashtu si\u00e7 pritej qendra e OSBE n\u00eb Vjen\u00eb ka hedhur posht\u00eb ligjin anti-portaleve q\u00eb po synon t\u00eb implemetoj\u00eb Edi Rama n\u00eb Shqip\u00ebri. N\u00eb nj\u00eb raport t\u00eb gjat\u00eb, zyra qendrore\u00a0 e OSCE i ka sugjeruar kryeministrit shqiptar Edi Rama t\u00eb rishoh\u00eb disa pika t\u00eb Ligjit t\u00eb p\u00ebr Komunikimet Elektronike, t\u00eb cilat bien ndesh me standardet nd\u00ebrkomb\u00ebtare t\u00eb liris\u00eb s\u00eb shprehjes.<\/p>\n<p>P\u00ebrfaq\u00ebsuesi i Liris\u00eb s\u00eb Medias, Harlem D\u00e9sir, i d\u00ebrgoi Kryeministrit t\u00eb Shqip\u00ebris\u00eb, Edi Rama, nj\u00eb rishikim ligjor mbi ndryshimet n\u00eb Ligjin p\u00ebr Media Audiovizuale n\u00eb Shqip\u00ebri, Ligjin p\u00ebr Komunikimet Elektronike dhe dispozita t\u00eb tjera p\u00ebrkat\u00ebse n\u00eb lidhje me rregullimin e lloje t\u00eb caktuara t\u00eb p\u00ebrmbajtjeve t\u00eb ofruara p\u00ebrmes internetit.<\/p>\n<p>&nbsp;<\/p>\n<p>Kjo analiz\u00eb ligjore \u00ebsht\u00eb pjes\u00eb e nj\u00eb procesi t\u00eb gjat\u00eb konsultimi nd\u00ebrmjet Zyr\u00ebs s\u00eb P\u00ebrfaq\u00ebsuesit dhe qeveris\u00eb gjat\u00eb hartimit t\u00eb legjislacionit. \u201cUn\u00eb e vler\u00ebsoj bashk\u00ebpunimin konstruktiv me autoritetet, edhe pse disa p\u00ebrmir\u00ebsime n\u00eb projektligjet ende duhet t\u00eb futen. Shpresoj q\u00eb rekomandimet tona t\u00eb merren parasysh dhe se modifikimet do t\u00eb futen gjat\u00eb procesit parlamentar p\u00ebr t\u00eb siguruar pajtueshm\u00ebri m\u00eb t\u00eb mir\u00eb t\u00eb legjislacionin e ardhsh\u00ebm me standardet nd\u00ebrkomb\u00ebtare mbi lirin\u00eb e shprehjes dhe lirin\u00eb e medias \u201c, tha P\u00ebrfaq\u00ebsuesi.<\/p>\n<p>Shqyrtimi \u00ebsht\u00eb p\u00ebrgatitur nga Dr Joan Barata Mir, nj\u00eb ekspert i pavarur p\u00ebr lirin\u00eb e medias dhe \u00ebsht\u00eb nj\u00eb version i zgjeruar dhe i p\u00ebrdit\u00ebsuar i analiz\u00ebs ligjore q\u00eb Zyra e P\u00ebrfaq\u00ebsuesit p\u00ebr Lirin\u00eb e Medias botoi m\u00eb 11 korrik. (Https:\/\/\u00eb\u00eb\u00eb.osce.org\/representative-on-freedom-of-media\/425453)<\/p>\n<p>\u201cV\u00ebrej q\u00eb ka pasur p\u00ebrmir\u00ebsime t\u00eb r\u00ebnd\u00ebsishme n\u00eb krahasim me draftet e p\u00ebrgatitura m\u00eb her\u00ebt gjat\u00eb vitit. Versioni i fundit i projektligjit p\u00ebr mediat audiovizuale p\u00ebrmban dispozita t\u00eb reja q\u00eb p\u00ebrcaktojn\u00eb m\u00eb mir\u00eb dhe m\u00eb sakt\u00ebsisht objektin dhe fush\u00ebveprimin e ligjit dhe p\u00ebrmend nevoj\u00ebn q\u00eb AMA t\u00eb respektoj\u00eb standardet nd\u00ebrkomb\u00ebtare dhe rajonale kur t\u00eb miratoj\u00eb vendimet e saj. \u00cbsht\u00eb pozitive q\u00eb dispozitat problematike n\u00eb lidhje me regjistrimin e emrave t\u00eb domenit dhe bllokimin e p\u00ebrmbajtjes n\u00eb internet jan\u00eb hequr dhe se propozimi p\u00ebrfshin nj\u00eb p\u00ebrshtatje specifike t\u00eb s\u00eb drejt\u00ebs p\u00ebr t\u2019u p\u00ebrgjigjur n\u00eb mjedisin e ri t\u00eb botimeve elektronike \u201c, tha D\u00e9sir.<\/p>\n<p>P\u00ebrfaq\u00ebsuesi pranoi q\u00eb drafti nuk i jep kompetenc\u00eb Komitetit t\u00eb Pajtueshm\u00ebris\u00eb s\u00eb AMA-s n\u00eb lidhje me respektimin e normave morale, etike apo profesionale p\u00ebr ofruesit e sh\u00ebrbimeve elektronike t\u00eb botimit. P\u00ebr m\u00eb tep\u00ebr, drafti i tanish\u00ebm nuk p\u00ebrmban dispozit\u00ebn e p\u00ebrgjithshme t\u00eb p\u00ebrfshir\u00eb n\u00eb versionet e m\u00ebparshme t\u00eb cilat duket se i japin AMA-s\u00eb kompetenca bllokuese t\u00eb gjera dhe t\u00eb pakufizuara n\u00eb rastet e \u201cshkeljeve t\u00eb dispozitave t\u00eb k\u00ebtij ligji\u201d, i cili do t\u00eb kufizohet n\u00eb rastet e veprave penale t\u00eb f\u00ebmij\u00ebs pornografi, nxitje t\u00eb akteve terroriste ose shkelje t\u00eb siguris\u00eb komb\u00ebtare.<\/p>\n<p>N\u00eb letr\u00ebn e tij drejtuar Kryeministrit t\u00eb Shqip\u00ebris\u00eb, D\u00e9sir theksoi disa \u00e7\u00ebshtje t\u00eb mbetura q\u00eb ende duhet t\u00eb adresohen, t\u00eb cilat ai rekomandon p\u00ebr t\u00eb ndryshuar n\u00eb procesin legjislativ. Rishikimi ligjor propozon, n\u00eb ve\u00e7anti, t\u00eb modifikoj\u00eb nenin 132\/1 q\u00eb i jep AMA-s kompetenc\u00ebn p\u00ebr t\u00eb detyruar ofruesit e sh\u00ebrbimeve t\u00eb botimeve elektronike t\u00eb publikojn\u00eb nj\u00eb k\u00ebrkes\u00eb faljeje, t\u00eb heqin p\u00ebrmbajtjen ose t\u00eb futin nj\u00eb njoftim pop-up n\u00eb rastet e shkeljeve t\u00eb dispozitave n\u00eb ve\u00e7anti n\u00eb neni i ri 33\/1. N\u00eb k\u00ebt\u00eb artikull, referimi ndaj \u201crespektit t\u00eb privat\u00ebsis\u00eb dhe dinjitetit t\u00eb qytetar\u00ebve\u201d, i cili \u00ebsht\u00eb i gjer\u00eb, i jep AMA-s fuqi t\u00eb madhe t\u00eb re q\u00eb mund t\u00eb ndikoj\u00eb n\u00eb lirin\u00eb e shprehjes.<\/p>\n<p>\u201cAMA ose ndonj\u00eb organ administrativ apo rregullator nuk duhet t\u00eb merret me \u00e7\u00ebshtjet e shpifjes, t\u00eb cilat duhet t\u00eb mbeten n\u00ebn kompetencat e gjykatave\u201d, tha D\u00e9sir.<\/p>\n<p>Analiza gjithashtu sugjeron nj\u00eb formulim t\u00eb ri p\u00ebr paragrafin 3 t\u00eb nenit 132, i cili p\u00ebrcakton mund\u00ebsin\u00eb, n\u00eb rastet kur sh\u00ebrbimet e medias elektronike \u201cmund t\u00eb favorizojn\u00eb\u201d veprat penale t\u00eb pornografis\u00eb s\u00eb f\u00ebmij\u00ebve, inkurajimi i akteve terroriste ose shkelja e siguris\u00eb komb\u00ebtare, \u201ct\u00eb bllokojn\u00eb qasjen n\u00eb internet \u201c. Formulimi i propozuar synon gjithashtu qart\u00ebsimin e kompetencave t\u00eb Autoritetit Komb\u00ebtar p\u00ebr Certifikimin Elektronik dhe Sigurin\u00eb Kibernetike (NAECES), AMA dhe AKEP n\u00eb k\u00ebt\u00eb fush\u00eb.<\/p>\n<p>Shqyrtimi ligjor ngre shqet\u00ebsime rreth kompetencave t\u00eb dh\u00ebna AKEP-it n\u00eb propozimin p\u00ebr ndryshimin e Ligjit p\u00ebr komunikimet elektronike, lidhur me miratimin e masave p\u00ebr t\u00eb mbrojtur nj\u00eb gam\u00eb t\u00eb gjer\u00eb interesash, duke p\u00ebrfshir\u00eb interesat e vendit, sigurin\u00eb publike, t\u00eb drejtat themelore dhe \u00e7do dispozit\u00eb t\u00eb p\u00ebrfshir\u00eb n\u00eb sistemin ligjor shqiptar. K\u00ebto nocione jan\u00eb shum\u00eb t\u00eb definuara dhe mund t\u00eb jen\u00eb n\u00eb kund\u00ebrshtim me standardet nd\u00ebrkomb\u00ebtare t\u00eb siguris\u00eb juridike, proporcionalitetit dhe domosdoshm\u00ebris\u00eb dhe nuk p\u00ebrfshijn\u00eb rregulla specifike p\u00ebr m\u00ebnyr\u00ebn e sigurimit t\u00eb mbrojtjes s\u00eb liris\u00eb s\u00eb shprehjes.<\/p>\n<p>P\u00ebr m\u00eb tep\u00ebr, neni 133 i projektligjit ende i referohet gjobave ekonomike shum\u00eb t\u00eb larta q\u00eb do t\u00eb vendosen n\u00eb rastet e shkeljeve.<\/p>\n<p>\u201cShpresoj se analiza ligjore, q\u00eb p\u00ebrfshin nj\u00eb num\u00ebr rekomandimesh, do t\u00eb jet\u00eb i dobish\u00ebm n\u00eb diskutimet e m\u00ebtejshme. Zyra ime do t\u00eb vazhdoj\u00eb t\u00eb jet\u00eb e angazhuar ngusht\u00eb n\u00eb k\u00ebt\u00eb proces, i cili duhet t\u00eb jet\u00eb gjith\u00ebp\u00ebrfshir\u00ebs p\u00ebr t\u00eb gjith\u00eb aktor\u00ebt relevant\u00eb deri n\u00eb p\u00ebrfundimin e saj \u201c, p\u00ebrfundoi D\u00e9sir.<\/p>\n<p>&nbsp;<\/p>\n","protected":false},"excerpt":{"rendered":"<p>&nbsp; Ashtu si\u00e7 pritej qendra e OSBE n\u00eb Vjen\u00eb ka hedhur posht\u00eb ligjin anti-portaleve q\u00eb po synon t\u00eb implemetoj\u00eb Edi Rama n\u00eb Shqip\u00ebri. N\u00eb nj\u00eb raport t\u00eb gjat\u00eb, zyra qendrore\u00a0 e OSCE i ka sugjeruar kryeministrit shqiptar Edi Rama t\u00eb rishoh\u00eb disa pika t\u00eb Ligjit t\u00eb p\u00ebr Komunikimet Elektronike, t\u00eb cilat bien ndesh me standardet [&hellip;]<\/p>\n","protected":false},"author":2013,"featured_media":79745,"comment_status":"open","ping_status":"closed","sticky":false,"template":"","format":"standard","meta":{"footnotes":""},"categories":[241,235],"tags":[],"class_list":{"0":"post-98045","1":"post","2":"type-post","3":"status-publish","4":"format-standard","5":"has-post-thumbnail","7":"category-aktualitet","8":"category-vendi"},"_links":{"self":[{"href":"https:\/\/zjarr.tv\/sq\/wp-json\/wp\/v2\/posts\/98045","targetHints":{"allow":["GET"]}}],"collection":[{"href":"https:\/\/zjarr.tv\/sq\/wp-json\/wp\/v2\/posts"}],"about":[{"href":"https:\/\/zjarr.tv\/sq\/wp-json\/wp\/v2\/types\/post"}],"author":[{"embeddable":true,"href":"https:\/\/zjarr.tv\/sq\/wp-json\/wp\/v2\/users\/2013"}],"replies":[{"embeddable":true,"href":"https:\/\/zjarr.tv\/sq\/wp-json\/wp\/v2\/comments?post=98045"}],"version-history":[{"count":0,"href":"https:\/\/zjarr.tv\/sq\/wp-json\/wp\/v2\/posts\/98045\/revisions"}],"wp:featuredmedia":[{"embeddable":true,"href":"https:\/\/zjarr.tv\/sq\/wp-json\/wp\/v2\/media\/79745"}],"wp:attachment":[{"href":"https:\/\/zjarr.tv\/sq\/wp-json\/wp\/v2\/media?parent=98045"}],"wp:term":[{"taxonomy":"category","embeddable":true,"href":"https:\/\/zjarr.tv\/sq\/wp-json\/wp\/v2\/categories?post=98045"},{"taxonomy":"post_tag","embeddable":true,"href":"https:\/\/zjarr.tv\/sq\/wp-json\/wp\/v2\/tags?post=98045"}],"curies":[{"name":"wp","href":"https:\/\/api.w.org\/{rel}","templated":true}]}}