{"id":98054,"date":"2019-07-23T14:21:13","date_gmt":"2019-07-23T12:21:13","guid":{"rendered":"https:\/\/zjarr.tv\/?p=98054"},"modified":"2019-07-23T14:21:13","modified_gmt":"2019-07-23T12:21:13","slug":"durres-4-qendra-shendetesore-ofrojne-sherbim-prej-24-oresh","status":"publish","type":"post","link":"https:\/\/zjarr.tv\/sq\/durres-4-qendra-shendetesore-ofrojne-sherbim-prej-24-oresh\/","title":{"rendered":"Durr\u00ebs, 4 qendra sh\u00ebndet\u00ebsore ofrojn\u00eb sh\u00ebrbim prej 24 or\u00ebsh"},"content":{"rendered":"<p>&nbsp;<\/p>\n<p>N\u00eb k\u00ebt\u00eb sezon turistik, kat\u00ebr qendra sh\u00ebndet\u00ebsore funksionojn\u00eb n\u00eb t\u00eb gjitha plazhet e Durr\u00ebsit, duke ofruar sh\u00ebrbim p\u00ebr 24 or\u00eb.<\/p>\n<p>Drejtori i sh\u00ebndetit publik p\u00ebr qarkun e Durr\u00ebsit Kristo Huta shprehet se n\u00eb secil\u00ebn nga k\u00ebto qendra punojn\u00eb nga 3 mjeke dhe infermier\u00eb, nd\u00ebrsa 4 autoambulanca jan\u00eb n\u00eb gatishm\u00ebri p\u00ebr raste kur nevojitet d\u00ebrgimi i pacient\u00ebve n\u00eb spital.<\/p>\n<p>N\u00eb t\u00eb numri i pacient\u00ebve n\u00eb dit\u00eb varion nga 10-15 vet\u00eb.<\/p>\n<p>Mjeku Hamid Kodra shprehet se pushuesit q\u00eb paraqiten jan\u00eb m\u00eb shum\u00eb me probleme t\u00eb tensionit si dhe alergji e djegie n\u00eb l\u00ebkur\u00eb.<\/p>\n<p>Gjat\u00eb vitit t\u00eb kaluar \u00ebsht\u00eb regjistruar nj\u00eb num\u00ebr prej m\u00eb shum\u00eb se 5 000 vizitash n\u00eb 4 qendrat sh\u00ebndet\u00ebsore verore n\u00eb gjirin e Lalzit, Currila, plazhin e madh dhe Shk\u00ebmbin e Kavaj\u00ebs.<\/p>\n<p>&nbsp;<\/p>\n","protected":false},"excerpt":{"rendered":"<p>&nbsp; N\u00eb k\u00ebt\u00eb sezon turistik, kat\u00ebr qendra sh\u00ebndet\u00ebsore funksionojn\u00eb n\u00eb t\u00eb gjitha plazhet e Durr\u00ebsit, duke ofruar sh\u00ebrbim p\u00ebr 24 or\u00eb. Drejtori i sh\u00ebndetit publik p\u00ebr qarkun e Durr\u00ebsit Kristo Huta shprehet se n\u00eb secil\u00ebn nga k\u00ebto qendra punojn\u00eb nga 3 mjeke dhe infermier\u00eb, nd\u00ebrsa 4 autoambulanca jan\u00eb n\u00eb gatishm\u00ebri p\u00ebr raste kur nevojitet d\u00ebrgimi [&hellip;]<\/p>\n","protected":false},"author":2013,"featured_media":98055,"comment_status":"open","ping_status":"closed","sticky":false,"template":"","format":"standard","meta":{"footnotes":""},"categories":[241,235],"tags":[],"class_list":{"0":"post-98054","1":"post","2":"type-post","3":"status-publish","4":"format-standard","5":"has-post-thumbnail","7":"category-aktualitet","8":"category-vendi"},"_links":{"self":[{"href":"https:\/\/zjarr.tv\/sq\/wp-json\/wp\/v2\/posts\/98054","targetHints":{"allow":["GET"]}}],"collection":[{"href":"https:\/\/zjarr.tv\/sq\/wp-json\/wp\/v2\/posts"}],"about":[{"href":"https:\/\/zjarr.tv\/sq\/wp-json\/wp\/v2\/types\/post"}],"author":[{"embeddable":true,"href":"https:\/\/zjarr.tv\/sq\/wp-json\/wp\/v2\/users\/2013"}],"replies":[{"embeddable":true,"href":"https:\/\/zjarr.tv\/sq\/wp-json\/wp\/v2\/comments?post=98054"}],"version-history":[{"count":0,"href":"https:\/\/zjarr.tv\/sq\/wp-json\/wp\/v2\/posts\/98054\/revisions"}],"wp:featuredmedia":[{"embeddable":true,"href":"https:\/\/zjarr.tv\/sq\/wp-json\/wp\/v2\/media\/98055"}],"wp:attachment":[{"href":"https:\/\/zjarr.tv\/sq\/wp-json\/wp\/v2\/media?parent=98054"}],"wp:term":[{"taxonomy":"category","embeddable":true,"href":"https:\/\/zjarr.tv\/sq\/wp-json\/wp\/v2\/categories?post=98054"},{"taxonomy":"post_tag","embeddable":true,"href":"https:\/\/zjarr.tv\/sq\/wp-json\/wp\/v2\/tags?post=98054"}],"curies":[{"name":"wp","href":"https:\/\/api.w.org\/{rel}","templated":true}]}}