{"id":98063,"date":"2019-07-23T14:26:44","date_gmt":"2019-07-23T12:26:44","guid":{"rendered":"https:\/\/zjarr.tv\/?p=98063"},"modified":"2019-07-23T14:26:44","modified_gmt":"2019-07-23T12:26:44","slug":"ministrja-xhacka-pret-kreun-e-komitetit-ushtarak-te-nato-s","status":"publish","type":"post","link":"https:\/\/zjarr.tv\/sq\/ministrja-xhacka-pret-kreun-e-komitetit-ushtarak-te-nato-s\/","title":{"rendered":"Ministrja Xha\u00e7ka pret kreun e Komitetit Ushtarak t\u00eb NATO-s"},"content":{"rendered":"<p>&nbsp;<\/p>\n<p>Kreu i Komitetit Ushtarak t\u00eb NATO-s gjeneral Sir Stuart Peach zhvilloi nj\u00eb vizit\u00eb zyrtare n\u00eb Tiran\u00eb, aty ku u zgjodh dy vjet m\u00eb par\u00eb n\u00eb krye t\u00eb struktur\u00ebs drejtuese ushtarake t\u00eb Aleanc\u00ebs.<\/p>\n<p>Gjeneral Peach i Forc\u00ebs Ajrore t\u00eb Mbret\u00ebris\u00eb s\u00eb Bashkuar, u prit me truproj\u00eb nderi nga shefi i Shtabit t\u00eb P\u00ebrgjithsh\u00ebm t\u00eb Forcave t\u00eb Armatosura gjeneral brigade Bardhyl Koll\u00e7aku.<\/p>\n<p>M\u00eb pas kreu i Komitetit Ushtarak t\u00eb Aleanc\u00ebs u prit n\u00eb takim nga ministrja e Mbrojtjes Olta Xha\u00e7ka, me t\u00eb cil\u00ebn diskutuan p\u00ebr situat\u00ebn e siguris\u00eb n\u00eb rajonin ton\u00eb. Gjeneral Peach vler\u00ebsoi rolin e Shqip\u00ebris\u00eb si nj\u00eb faktor stabiliteti n\u00eb rajon dhe kontributin e vendit ton\u00eb n\u00eb misionet e NATO-s.<\/p>\n<p>Tem\u00eb e diskutimit ishte e investimi i NATO-s n\u00eb Baz\u00ebn Ajrore t\u00eb Ku\u00e7ov\u00ebs, p\u00ebr t\u00eb cil\u00ebn dy bashk\u00ebbiseduesit vler\u00ebsuan r\u00ebnd\u00ebsin\u00eb strategjike q\u00eb ka ky investim, jo vet\u00ebm p\u00ebr Aleanc\u00ebn, por edhe p\u00ebr vendin ton\u00eb.<\/p>\n<p>Kreu i Komitetit Ushtarak t\u00eb NATO-s u prit n\u00eb nj\u00eb takim edhe nga shefi i Shtabit t\u00eb FA gjeneral brigade Bardhyl Koll\u00e7aku, me t\u00eb cilin diskutuan p\u00ebr marr\u00ebdh\u00ebnien dhe kontributin e Forcave tona t\u00eb Armatosura n\u00eb kuad\u00ebr t\u00eb angazhimeve t\u00eb Aleanc\u00ebs.<\/p>\n<p>Komiteti Ushtarak i NATO-s p\u00ebrb\u00ebhet nga shefat e shtabeve t\u00eb forcave t\u00eb armatosura t\u00eb vendeve an\u00ebtare t\u00eb Aleanc\u00ebs.<\/p>\n<p>&nbsp;<\/p>\n","protected":false},"excerpt":{"rendered":"<p>&nbsp; Kreu i Komitetit Ushtarak t\u00eb NATO-s gjeneral Sir Stuart Peach zhvilloi nj\u00eb vizit\u00eb zyrtare n\u00eb Tiran\u00eb, aty ku u zgjodh dy vjet m\u00eb par\u00eb n\u00eb krye t\u00eb struktur\u00ebs drejtuese ushtarake t\u00eb Aleanc\u00ebs. Gjeneral Peach i Forc\u00ebs Ajrore t\u00eb Mbret\u00ebris\u00eb s\u00eb Bashkuar, u prit me truproj\u00eb nderi nga shefi i Shtabit t\u00eb P\u00ebrgjithsh\u00ebm t\u00eb Forcave [&hellip;]<\/p>\n","protected":false},"author":2013,"featured_media":98064,"comment_status":"open","ping_status":"closed","sticky":false,"template":"","format":"standard","meta":{"footnotes":""},"categories":[241,235],"tags":[],"class_list":{"0":"post-98063","1":"post","2":"type-post","3":"status-publish","4":"format-standard","5":"has-post-thumbnail","7":"category-aktualitet","8":"category-vendi"},"_links":{"self":[{"href":"https:\/\/zjarr.tv\/sq\/wp-json\/wp\/v2\/posts\/98063","targetHints":{"allow":["GET"]}}],"collection":[{"href":"https:\/\/zjarr.tv\/sq\/wp-json\/wp\/v2\/posts"}],"about":[{"href":"https:\/\/zjarr.tv\/sq\/wp-json\/wp\/v2\/types\/post"}],"author":[{"embeddable":true,"href":"https:\/\/zjarr.tv\/sq\/wp-json\/wp\/v2\/users\/2013"}],"replies":[{"embeddable":true,"href":"https:\/\/zjarr.tv\/sq\/wp-json\/wp\/v2\/comments?post=98063"}],"version-history":[{"count":0,"href":"https:\/\/zjarr.tv\/sq\/wp-json\/wp\/v2\/posts\/98063\/revisions"}],"wp:featuredmedia":[{"embeddable":true,"href":"https:\/\/zjarr.tv\/sq\/wp-json\/wp\/v2\/media\/98064"}],"wp:attachment":[{"href":"https:\/\/zjarr.tv\/sq\/wp-json\/wp\/v2\/media?parent=98063"}],"wp:term":[{"taxonomy":"category","embeddable":true,"href":"https:\/\/zjarr.tv\/sq\/wp-json\/wp\/v2\/categories?post=98063"},{"taxonomy":"post_tag","embeddable":true,"href":"https:\/\/zjarr.tv\/sq\/wp-json\/wp\/v2\/tags?post=98063"}],"curies":[{"name":"wp","href":"https:\/\/api.w.org\/{rel}","templated":true}]}}