{"id":98074,"date":"2019-07-23T15:37:48","date_gmt":"2019-07-23T13:37:48","guid":{"rendered":"https:\/\/zjarr.tv\/?p=98074"},"modified":"2019-07-23T15:37:48","modified_gmt":"2019-07-23T13:37:48","slug":"prokurore-belge-ne-tirane-per-toyota-yaris-basha-pyetet-te-enjten","status":"publish","type":"post","link":"https:\/\/zjarr.tv\/sq\/prokurore-belge-ne-tirane-per-toyota-yaris-basha-pyetet-te-enjten\/","title":{"rendered":"Prokuror\u00eb belg\u00eb n\u00eb Tiran\u00eb p\u00ebr \u201cToyota Yaris\u201d, Basha pyetet t\u00eb enjten"},"content":{"rendered":"<p>&nbsp;<\/p>\n<p>Nj\u00eb grup prokuror\u00ebsh federal\u00eb belg\u00eb, do t\u00eb asistojn\u00eb n\u00eb pyetjen e kryeopozitarit Lulzim Basha p\u00ebr \u00e7\u00ebshtjen e njohur si \u2018Toyota Yaris\u2019.<\/p>\n<p>Zyrtarisht prokuroria p\u00ebr Krime t\u00eb R\u00ebnda tha se kreu i PD-s\u00eb \u00ebsht\u00eb ftuar t\u00eb paraqitet me dat\u00eb 25 korrik dhe do t\u00eb jap\u00eb shpjegime p\u00ebr denoncimin q\u00eb b\u00ebri n\u00eb Kuvend, dy dit\u00eb pas t\u00eb cilit u bllokuan n\u00eb portin e Durr\u00ebsit automjetet q\u00eb vinin nga Belgjika, n\u00eb t\u00eb cilat ishte fshehur shuma prej 3.4 mln euro.\u00a0Ai pritet t\u00eb jap\u00eb shpjegime se cili ishte burimi i informacionit.<\/p>\n<p>\u201cP\u00ebrfaq\u00ebsues t\u00eb Prokuroris\u00eb Federale t\u00eb Belgjik\u00ebs kan\u00eb mb\u00ebrritur n\u00eb Shqip\u00ebri me q\u00ebllim vijimin e kryerjes s\u00eb veprimeve proceduriale t\u00eb k\u00ebrkuara dhe t\u00eb lejuara nga autoritetet gjyq\u00ebsore shqiptare. K\u00ebto veprime konsistojn\u00eb n\u00eb marrjen n\u00eb pyetje t\u00eb personave t\u00eb pandehur si dhe marrjen n\u00eb pyetje t\u00eb shtetasit Lulzim Basha dit\u00ebn e dit\u00ebn e enjte dat\u00eb 25 korrik 2019\u201d, njofton zyrtarisht prokuroria.<\/p>\n<p>Belgjika prej disa muajsh po heton paralelisht me Shqip\u00ebrin\u00eb p\u00ebr t\u00eb zbuluar personat e implikuar n\u00eb pastrimin e parave. Aksioni p\u00ebr bllokimin e eurove u finalizua me 24 qershor t\u00eb vitit t\u00eb kaluar.<\/p>\n<p>Parat\u00eb ishin fshehur n\u00eb dy nga shtat\u00eb Toyotat e blera n\u00eb shtetin belg. N\u00eb pranga p\u00ebrfunduan pes\u00eb persona, nd\u00ebrsa n\u00eb k\u00ebrkim jan\u00eb shpallur dy kush\u00ebrinjt\u00eb Alfred dhe Elvis Vladi.<\/p>\n<p>&nbsp;<\/p>\n","protected":false},"excerpt":{"rendered":"<p>&nbsp; Nj\u00eb grup prokuror\u00ebsh federal\u00eb belg\u00eb, do t\u00eb asistojn\u00eb n\u00eb pyetjen e kryeopozitarit Lulzim Basha p\u00ebr \u00e7\u00ebshtjen e njohur si \u2018Toyota Yaris\u2019. Zyrtarisht prokuroria p\u00ebr Krime t\u00eb R\u00ebnda tha se kreu i PD-s\u00eb \u00ebsht\u00eb ftuar t\u00eb paraqitet me dat\u00eb 25 korrik dhe do t\u00eb jap\u00eb shpjegime p\u00ebr denoncimin q\u00eb b\u00ebri n\u00eb Kuvend, dy dit\u00eb pas [&hellip;]<\/p>\n","protected":false},"author":2013,"featured_media":96738,"comment_status":"open","ping_status":"closed","sticky":false,"template":"","format":"standard","meta":{"footnotes":""},"categories":[241,235],"tags":[],"class_list":{"0":"post-98074","1":"post","2":"type-post","3":"status-publish","4":"format-standard","5":"has-post-thumbnail","7":"category-aktualitet","8":"category-vendi"},"_links":{"self":[{"href":"https:\/\/zjarr.tv\/sq\/wp-json\/wp\/v2\/posts\/98074","targetHints":{"allow":["GET"]}}],"collection":[{"href":"https:\/\/zjarr.tv\/sq\/wp-json\/wp\/v2\/posts"}],"about":[{"href":"https:\/\/zjarr.tv\/sq\/wp-json\/wp\/v2\/types\/post"}],"author":[{"embeddable":true,"href":"https:\/\/zjarr.tv\/sq\/wp-json\/wp\/v2\/users\/2013"}],"replies":[{"embeddable":true,"href":"https:\/\/zjarr.tv\/sq\/wp-json\/wp\/v2\/comments?post=98074"}],"version-history":[{"count":0,"href":"https:\/\/zjarr.tv\/sq\/wp-json\/wp\/v2\/posts\/98074\/revisions"}],"wp:featuredmedia":[{"embeddable":true,"href":"https:\/\/zjarr.tv\/sq\/wp-json\/wp\/v2\/media\/96738"}],"wp:attachment":[{"href":"https:\/\/zjarr.tv\/sq\/wp-json\/wp\/v2\/media?parent=98074"}],"wp:term":[{"taxonomy":"category","embeddable":true,"href":"https:\/\/zjarr.tv\/sq\/wp-json\/wp\/v2\/categories?post=98074"},{"taxonomy":"post_tag","embeddable":true,"href":"https:\/\/zjarr.tv\/sq\/wp-json\/wp\/v2\/tags?post=98074"}],"curies":[{"name":"wp","href":"https:\/\/api.w.org\/{rel}","templated":true}]}}